{"id":18576,"date":"2021-02-16T13:33:31","date_gmt":"2021-02-16T13:33:31","guid":{"rendered":"https:\/\/www.radiopresidenteibanez.cl\/web\/?p=18576"},"modified":"2021-02-16T13:33:36","modified_gmt":"2021-02-16T13:33:36","slug":"inicia-postulacion-al-subsidio-protege-para-madres-trabajadoras","status":"publish","type":"post","link":"https:\/\/www.radiopresidenteibanez.cl\/web\/inicia-postulacion-al-subsidio-protege-para-madres-trabajadoras\/","title":{"rendered":"INICIA POSTULACI\u00d3N AL SUBSIDIO \u201cPROTEGE\u201d PARA MADRES TRABAJADORAS"},"content":{"rendered":"\n<p>Este lunes 15 de febrero se iniciaron\nlas postulaciones al nuevo subsidio \u201cProtege\u201d \u2013que corresponde a la tercera\nl\u00ednea del Subsidio Al Empleo- esta vez dirigido a las mujeres trabajadoras con\nhijos menores de dos a\u00f1os, el cual busca entregarles un apoyo para lograr su\nincorporaci\u00f3n al mercado laboral.<\/p>\n\n\n\n<p>Para iniciar la difusi\u00f3n de este\nsubsidio, las autoridades locales, encabezadas por la intendenta regional,\nJennifer Rojas, acompa\u00f1ada por la Seremi del Trabajo, Victoria Cort\u00e9s; el\ndirector de Sence, Enrique Hern\u00e1ndez; y la directora (s) de Sernameg, Susana\nRuiz, recorrieron los locales comerciales de la Galer\u00eda Palace del centro de\nPunta Arenas, donde conversaron con las locatarias y trabajadoras del recinto\ncomercial.<\/p>\n\n\n\n<p>Seg\u00fan expuso la primera autoridad\nregional, \u201ca partir del d\u00eda de hoy, 15 de febrero y hasta el 28 del mismo se\nabre la primera ventana a la postulaci\u00f3n del subsidio Protege que es un\nbeneficio econ\u00f3mico de $200 mil pesos para aquellas mujeres que tuvieron que\ndejar de trabajar producto de la pandemia, tambi\u00e9n para los padres o tutores\nlegales de ni\u00f1os menores de dos a\u00f1os, con lo que estamos incentivando la\nreactivaci\u00f3n laboral para que vuelvan a trabajar tranquilos\u201d.<\/p>\n\n\n\n<p>En palabras de la titular regional\ndel Trabajo, \u201ccomo gobierno del Presidente Sebasti\u00e1n Pi\u00f1era, esperamos\nequiparar la cancha. Las mujeres han sido fuertemente golpadas por la crisis del\ncoronavirus, las estad\u00edsticas regionales nos muestran una tasa de desempleo\nfemenina de un 8%, muy superior a los hombres. Con este beneficio ellas podr\u00e1n\nreincorporarse al mercado laboral y encargar el cuidado de sus hijos. Durante\nla primera hora de la postulaci\u00f3n -nos comenta el director de Sence- ya\nten\u00edamos 29 mujeres postulando, as\u00ed que esperamos que sean m\u00e1s las que puedan acceder\na este beneficio\u201d.<\/p>\n\n\n\n<p>El director de Sence Magallanes, a\u00f1adi\u00f3\nque \u201cel subsidio se pagar\u00e1 por tres meses, prorrogable por seis meses, siempre\nque el estado de excepci\u00f3n siga vigente. La postulaci\u00f3n es muy sencilla, no se\nrequiere muchos antecedentes y se puede hacer a trav\u00e9s del sitio <a href=\"http:\/\/www.subsidioalempleo.cl\">www.subsidioalempleo.cl<\/a>\u201d.<\/p>\n\n\n\n<p>Lorena Vera, locataria de la Galer\u00eda\nPalace, agradeci\u00f3 la visita de las autoridades y la posibilidad de postular a\neste beneficio econ\u00f3mico. \u201cMe parece que est\u00e1 muy bien para todas las mamitas\nque por la pandemia no pueden trabajar, porque tienen que quedarse con sus\nbeb\u00e9s y que no pueden llevarlos a una sala cuna, entonces es una buena\noportunidad para que ellas puedan postular a este beneficio y salir a trabajar.\nEn este momento hay muchas mam\u00e1s que est\u00e1n solas y sin trabajo, as\u00ed que es una\nmuy buena noticia para ellas\u201d, valor\u00f3.<\/p>\n\n\n\n<p>La\nprimera ventana de postulaci\u00f3n ser\u00e1 entre el 15 y el 28 de febrero. Luego,\nentre el 1 y 20 de marzo. El monto se pagar\u00e1 un mes despu\u00e9s de concedido el\nsubsidio. Es decir, si la postulaci\u00f3n se realiza y confirma en febrero, el\nprimer pago se realizar\u00e1 en marzo de 2021, directamente a la cuenta bancaria\npersonal que indique la trabajadora beneficiaria. Posteriormente, se realizar\u00e1n\npagos mensuales durante la duraci\u00f3n del beneficio. <\/p>\n\n\n\n<p>Para\npostular, el trabajador o trabajadora deber\u00e1 estar actualmente trabajando de\nmanera dependiente o independiente. En el primer caso, se exigir\u00e1 contar con\ncuatro cotizaciones dentro de los \u00faltimos 12 meses, siempre que la cotizaci\u00f3n\ndel mes anterior al de postulaci\u00f3n se encuentre declarada y pagada; y, para el\ncaso de trabajadores (as) independientes, deben contar con cotizaciones en la\noperaci\u00f3n renta 2020. Si se trata de trabajadores independientes voluntarios,\ndeben cumplir con el requisito de las trabajadoras dependientes.<\/p>\n\n\n\n<p>El\nsubsidio Protege se suma a las l\u00edneas \u201cRegresa\u201d y \u201cContrata\u201d del subsidio al\nEmpleo que, al d\u00eda de hoy en Magallanes, ya han beneficiado a 3.281\ntrabajadores, a trav\u00e9s de la postulaci\u00f3n de 800 empresas regionales.<\/p>\n","protected":false},"excerpt":{"rendered":"<p>Este lunes 15 de febrero se iniciaron las postulaciones al nuevo subsidio \u201cProtege\u201d \u2013que corresponde a la tercera l\u00ednea del Subsidio Al Empleo- esta vez dirigido a las mujeres trabajadoras&#8230; <a class=\"read-more\" href=\"https:\/\/www.radiopresidenteibanez.cl\/web\/inicia-postulacion-al-subsidio-protege-para-madres-trabajadoras\/\">Leer m\u00e1s<\/a><\/p>\n","protected":false},"author":2,"featured_media":18577,"comment_status":"closed","ping_status":"closed","sticky":false,"template":"","format":"standard","meta":{"footnotes":""},"categories":[1],"tags":[],"class_list":["post-18576","post","type-post","status-publish","format-standard","has-post-thumbnail","hentry","category-cronica"],"_links":{"self":[{"href":"https:\/\/www.radiopresidenteibanez.cl\/web\/wp-json\/wp\/v2\/posts\/18576","targetHints":{"allow":["GET"]}}],"collection":[{"href":"https:\/\/www.radiopresidenteibanez.cl\/web\/wp-json\/wp\/v2\/posts"}],"about":[{"href":"https:\/\/www.radiopresidenteibanez.cl\/web\/wp-json\/wp\/v2\/types\/post"}],"author":[{"embeddable":true,"href":"https:\/\/www.radiopresidenteibanez.cl\/web\/wp-json\/wp\/v2\/users\/2"}],"replies":[{"embeddable":true,"href":"https:\/\/www.radiopresidenteibanez.cl\/web\/wp-json\/wp\/v2\/comments?post=18576"}],"version-history":[{"count":0,"href":"https:\/\/www.radiopresidenteibanez.cl\/web\/wp-json\/wp\/v2\/posts\/18576\/revisions"}],"wp:featuredmedia":[{"embeddable":true,"href":"https:\/\/www.radiopresidenteibanez.cl\/web\/wp-json\/wp\/v2\/media\/18577"}],"wp:attachment":[{"href":"https:\/\/www.radiopresidenteibanez.cl\/web\/wp-json\/wp\/v2\/media?parent=18576"}],"wp:term":[{"taxonomy":"category","embeddable":true,"href":"https:\/\/www.radiopresidenteibanez.cl\/web\/wp-json\/wp\/v2\/categories?post=18576"},{"taxonomy":"post_tag","embeddable":true,"href":"https:\/\/www.radiopresidenteibanez.cl\/web\/wp-json\/wp\/v2\/tags?post=18576"}],"curies":[{"name":"wp","href":"https:\/\/api.w.org\/{rel}","templated":true}]}}