{"id":18573,"date":"2021-02-16T13:25:53","date_gmt":"2021-02-16T13:25:53","guid":{"rendered":"https:\/\/www.radiopresidenteibanez.cl\/web\/?p=18573"},"modified":"2021-02-16T13:25:58","modified_gmt":"2021-02-16T13:25:58","slug":"municipalidad-de-rio-verde-se-adjudico-fondo-del-chile-crece-contigo-para-ninos-y-ninas-de-hasta-5-anos","status":"publish","type":"post","link":"https:\/\/www.radiopresidenteibanez.cl\/web\/municipalidad-de-rio-verde-se-adjudico-fondo-del-chile-crece-contigo-para-ninos-y-ninas-de-hasta-5-anos\/","title":{"rendered":"MUNICIPALIDAD DE R\u00cdO VERDE SE ADJUDIC\u00d3 FONDO DEL CHILE CRECE CONTIGO PARA NI\u00d1OS Y NI\u00d1AS DE HASTA 5 A\u00d1OS"},"content":{"rendered":"\n<p>Despu\u00e9s de m\u00e1s de 10 a\u00f1os se ejecutar\u00e1 nuevamente en la comuna de R\u00edo Verde de Magallanes el Fondo de Intervenciones de Apoyo al Desarrollo Infantil, perteneciente al subsistema Chile Crece Contigo y destinado a potenciar el desarrollo de ni\u00f1os y ni\u00f1as con rezago, riesgo de retraso u otras situaciones de vulnerabilidad que los puedan afectar.<\/p>\n\n\n\n<p>Este programa busca financiar propuestas de intervenci\u00f3n presentadas por los municipios para ni\u00f1os y ni\u00f1as desde los 0 a los 5 a\u00f1os que se atienden en el sistema p\u00fablico de salud, desde el primer control de gestaci\u00f3n y hasta su ingreso al mundo escolar. Su objetivo es potenciar a trav\u00e9s de las modalidades de apoyo como servicios itinerantes de estimulaci\u00f3n, atenci\u00f3n domiciliaria, salas de estimulaci\u00f3n y ludotecas, el desarrollo de ni\u00f1os y ni\u00f1as.<\/p>\n\n\n\n<p>La Seremi de Desarrollo Social y Familia subrogante, Catalina Alarc\u00f3n manifest\u00f3 que \u201cel 2007 fue el \u00faltimo a\u00f1o en que la comuna de R\u00edo Verde postul\u00f3 a este a fondo debido a que no se lograba completar la cobertura m\u00ednima exigida por el Subsistema Chile Crece Contigo, una red integrada de programas y prestaciones organizada, coordinada y monitoreada por nuestro ministerio\u201d.<\/p>\n\n\n\n<p>A su vez la Alcaldesa de R\u00edo Verde, Tatiana V\u00e1squez, se\u00f1al\u00f3 que \u201cgracias este fondo del Ministerio de Desarrollo Social y Familia, nuestra comuna se adjudic\u00f3 un monto de $6.200.000 que permitir\u00e1 contar con atenciones de un Terapeuta Ocupacional para 10 ni\u00f1os y ni\u00f1as. Valoramos esta iniciativa porque en muchas comunas rurales y aisladas se hace complejo contar con profesionales que protejan y acompa\u00f1en \u00edntegramente el crecimiento de los ni\u00f1os, ni\u00f1as y sus familias\u201d.<\/p>\n\n\n\n<p>El programa est\u00e1 dirigido a ni\u00f1os y ni\u00f1as usuarios del subsistema Chile Crece Contigo, que presenten factores de riesgo biopsicosocial, detectados en sus controles de salud o por alguna instituci\u00f3n integrante de la red de Chile Crece Contigo: Ministerios de Salud y de Educaci\u00f3n, Junta Nacional de Auxilio Escolar y Becas (JUNAEB), Junta Nacional de Jardines Infantiles (JUNJI) y la Fundaci\u00f3n Integra.<\/p>\n","protected":false},"excerpt":{"rendered":"<p>Despu\u00e9s de m\u00e1s de 10 a\u00f1os se ejecutar\u00e1 nuevamente en la comuna de R\u00edo Verde de Magallanes el Fondo de Intervenciones de Apoyo al Desarrollo Infantil, perteneciente al subsistema Chile&#8230; <a class=\"read-more\" href=\"https:\/\/www.radiopresidenteibanez.cl\/web\/municipalidad-de-rio-verde-se-adjudico-fondo-del-chile-crece-contigo-para-ninos-y-ninas-de-hasta-5-anos\/\">Leer m\u00e1s<\/a><\/p>\n","protected":false},"author":2,"featured_media":18574,"comment_status":"closed","ping_status":"closed","sticky":false,"template":"","format":"standard","meta":{"footnotes":""},"categories":[1],"tags":[],"class_list":["post-18573","post","type-post","status-publish","format-standard","has-post-thumbnail","hentry","category-cronica"],"_links":{"self":[{"href":"https:\/\/www.radiopresidenteibanez.cl\/web\/wp-json\/wp\/v2\/posts\/18573","targetHints":{"allow":["GET"]}}],"collection":[{"href":"https:\/\/www.radiopresidenteibanez.cl\/web\/wp-json\/wp\/v2\/posts"}],"about":[{"href":"https:\/\/www.radiopresidenteibanez.cl\/web\/wp-json\/wp\/v2\/types\/post"}],"author":[{"embeddable":true,"href":"https:\/\/www.radiopresidenteibanez.cl\/web\/wp-json\/wp\/v2\/users\/2"}],"replies":[{"embeddable":true,"href":"https:\/\/www.radiopresidenteibanez.cl\/web\/wp-json\/wp\/v2\/comments?post=18573"}],"version-history":[{"count":0,"href":"https:\/\/www.radiopresidenteibanez.cl\/web\/wp-json\/wp\/v2\/posts\/18573\/revisions"}],"wp:featuredmedia":[{"embeddable":true,"href":"https:\/\/www.radiopresidenteibanez.cl\/web\/wp-json\/wp\/v2\/media\/18574"}],"wp:attachment":[{"href":"https:\/\/www.radiopresidenteibanez.cl\/web\/wp-json\/wp\/v2\/media?parent=18573"}],"wp:term":[{"taxonomy":"category","embeddable":true,"href":"https:\/\/www.radiopresidenteibanez.cl\/web\/wp-json\/wp\/v2\/categories?post=18573"},{"taxonomy":"post_tag","embeddable":true,"href":"https:\/\/www.radiopresidenteibanez.cl\/web\/wp-json\/wp\/v2\/tags?post=18573"}],"curies":[{"name":"wp","href":"https:\/\/api.w.org\/{rel}","templated":true}]}}