{"id":18560,"date":"2021-02-15T13:42:07","date_gmt":"2021-02-15T13:42:07","guid":{"rendered":"https:\/\/www.radiopresidenteibanez.cl\/web\/?p=18560"},"modified":"2021-02-15T13:42:12","modified_gmt":"2021-02-15T13:42:12","slug":"pesar-por-fallecimiento-de-destacado-exdirigente-sindical-petrolero","status":"publish","type":"post","link":"https:\/\/www.radiopresidenteibanez.cl\/web\/pesar-por-fallecimiento-de-destacado-exdirigente-sindical-petrolero\/","title":{"rendered":"PESAR POR FALLECIMIENTO DE DESTACADO EXDIRIGENTE SINDICAL PETROLERO"},"content":{"rendered":"\n<p>El sindicalismo petrolero de Magallanes esta de duelo a fallecido don Gaston Hernandez Alvarez (Q.E.P.D.), quien fuera un destacado exdirigente sindical, de la Uni\u00f3n de Obreros, del comando unido y primer dirigente cuando se cre\u00f3 el actual Sindicato de Trabajadores de Enap Magallanes el a\u00f1o 1979.<\/p>\n\n\n\n<p>Luego ya una vez retirado de Enap fue creador y socio numero uno de la asociaci\u00f3n de pensionados de Enap.<\/p>\n\n\n\n<p>Para el aniversario numero 40 de nuestro sindicato le rendimos un homenaje y lo premiamos por su gran y destacado trabajo como dirigente, hoy todav\u00eda heredamos grandes conquistas para los trabajadores y trabajadoras de lo cual estamos orgullosos y agradecidos.<\/p>\n\n\n\n<p>Finalmente las sentidas condolencias para la familia y que tengan la seguridad que siempre ser\u00e1 recordado con mucho cari\u00f1o por los trabajadores de Enap termino se\u00f1alando el presidente del sindicato Alejandro Avenda\u00f1o Gallardo. <\/p>\n","protected":false},"excerpt":{"rendered":"<p>El sindicalismo petrolero de Magallanes esta de duelo a fallecido don Gaston Hernandez Alvarez (Q.E.P.D.), quien fuera un destacado exdirigente sindical, de la Uni\u00f3n de Obreros, del comando unido y&#8230; <a class=\"read-more\" href=\"https:\/\/www.radiopresidenteibanez.cl\/web\/pesar-por-fallecimiento-de-destacado-exdirigente-sindical-petrolero\/\">Leer m\u00e1s<\/a><\/p>\n","protected":false},"author":2,"featured_media":18561,"comment_status":"closed","ping_status":"closed","sticky":false,"template":"","format":"standard","meta":{"footnotes":""},"categories":[1],"tags":[],"class_list":["post-18560","post","type-post","status-publish","format-standard","has-post-thumbnail","hentry","category-cronica"],"_links":{"self":[{"href":"https:\/\/www.radiopresidenteibanez.cl\/web\/wp-json\/wp\/v2\/posts\/18560","targetHints":{"allow":["GET"]}}],"collection":[{"href":"https:\/\/www.radiopresidenteibanez.cl\/web\/wp-json\/wp\/v2\/posts"}],"about":[{"href":"https:\/\/www.radiopresidenteibanez.cl\/web\/wp-json\/wp\/v2\/types\/post"}],"author":[{"embeddable":true,"href":"https:\/\/www.radiopresidenteibanez.cl\/web\/wp-json\/wp\/v2\/users\/2"}],"replies":[{"embeddable":true,"href":"https:\/\/www.radiopresidenteibanez.cl\/web\/wp-json\/wp\/v2\/comments?post=18560"}],"version-history":[{"count":0,"href":"https:\/\/www.radiopresidenteibanez.cl\/web\/wp-json\/wp\/v2\/posts\/18560\/revisions"}],"wp:featuredmedia":[{"embeddable":true,"href":"https:\/\/www.radiopresidenteibanez.cl\/web\/wp-json\/wp\/v2\/media\/18561"}],"wp:attachment":[{"href":"https:\/\/www.radiopresidenteibanez.cl\/web\/wp-json\/wp\/v2\/media?parent=18560"}],"wp:term":[{"taxonomy":"category","embeddable":true,"href":"https:\/\/www.radiopresidenteibanez.cl\/web\/wp-json\/wp\/v2\/categories?post=18560"},{"taxonomy":"post_tag","embeddable":true,"href":"https:\/\/www.radiopresidenteibanez.cl\/web\/wp-json\/wp\/v2\/tags?post=18560"}],"curies":[{"name":"wp","href":"https:\/\/api.w.org\/{rel}","templated":true}]}}