{"id":18551,"date":"2021-02-15T02:30:00","date_gmt":"2021-02-15T02:30:00","guid":{"rendered":"https:\/\/www.radiopresidenteibanez.cl\/web\/?p=18551"},"modified":"2021-02-14T17:50:33","modified_gmt":"2021-02-14T17:50:33","slug":"operativo-nocturno-en-puerto-natales-finalizo-con-una-veintena-de-detenidos","status":"publish","type":"post","link":"https:\/\/www.radiopresidenteibanez.cl\/web\/operativo-nocturno-en-puerto-natales-finalizo-con-una-veintena-de-detenidos\/","title":{"rendered":"OPERATIVO NOCTURNO EN PUERTO NATALES FINALIZ\u00d3 CON UNA VEINTENA DE DETENIDOS"},"content":{"rendered":"\n<p>La\nnoche del viernes, la gobernadora de la Provincia de \u00daltima Esperanza, Ericka\nFar\u00edas, particip\u00f3 en un operativo realizado en Puerto Natales, en coordinaci\u00f3n\ncon la Polic\u00eda de Investigaciones, Carabineros, Fuerzas Armadas y personal de\nSalud, que dej\u00f3 un total de 16 personas detenidas por PDI y cuatro por parte de\nCarabineros. <\/p>\n\n\n\n<p>Diversas\nfiscalizaciones se llevaron a cabo en sectores c\u00e9ntricos y perif\u00e9ricos de\nPuerto Natales por parte de las polic\u00edas y personal del Ej\u00e9rcito y la Armada,\ncon el fin de verificar el cumplimiento de las medidas sanitarias dispuestas\ndurante la pandemia por Covid-19, adem\u00e1s de detectar la comisi\u00f3n de delitos y\ndisminuir la sensaci\u00f3n de inseguridad en la comunidad.<\/p>\n\n\n\n<p>Respecto\na este operativo llevado a cabo en la comuna de Natales, la gobernadora Ericka\nFar\u00edas se\u00f1al\u00f3 que \u201cpara el control de la Pandemia es esencial que las personas\nentiendan que se deben respetar las medidas sanitarias que ha dispuesto la\nautoridad, y una de ellas es el toque de queda. Debido a esto, las Fuerzas\nArmadas y de Orden y Seguridad P\u00fablica est\u00e1n coordinadas para realizar estos\noperativos de fiscalizaci\u00f3n, junto a personal de la Seremi de Salud\u201d.&nbsp; <\/p>\n\n\n\n<p>Es\nas\u00ed, como detectives de la PDI detuvieron un total de 16 personas por infringir\nlos Art\u00edculos 318 y 495 del C\u00f3digo Penal. En tanto, personal de Carabineros\ndetuvo a cuatro personas.<\/p>\n\n\n\n<p>Asimismo,\nen el operativo, efectuado durante horario de Toque de Queda, personal de la\nSeremi de Salud provincial, inici\u00f3 un total de nueve sumarios sanitarios.<\/p>\n\n\n\n<p>Finalmente,\nla autoridad provincial agreg\u00f3 que \u201cesperamos que las personas respeten las\nnormas con las cuales hoy tenemos que vivir, pues est\u00e1n orientadas a proteger y\nresguardar la vida y salud de cada uno de nosotros\u00bb.<\/p>\n","protected":false},"excerpt":{"rendered":"<p>La noche del viernes, la gobernadora de la Provincia de \u00daltima Esperanza, Ericka Far\u00edas, particip\u00f3 en un operativo realizado en Puerto Natales, en coordinaci\u00f3n con la Polic\u00eda de Investigaciones, Carabineros,&#8230; <a class=\"read-more\" href=\"https:\/\/www.radiopresidenteibanez.cl\/web\/operativo-nocturno-en-puerto-natales-finalizo-con-una-veintena-de-detenidos\/\">Leer m\u00e1s<\/a><\/p>\n","protected":false},"author":2,"featured_media":18552,"comment_status":"closed","ping_status":"closed","sticky":false,"template":"","format":"standard","meta":{"footnotes":""},"categories":[1],"tags":[],"class_list":["post-18551","post","type-post","status-publish","format-standard","has-post-thumbnail","hentry","category-cronica"],"_links":{"self":[{"href":"https:\/\/www.radiopresidenteibanez.cl\/web\/wp-json\/wp\/v2\/posts\/18551","targetHints":{"allow":["GET"]}}],"collection":[{"href":"https:\/\/www.radiopresidenteibanez.cl\/web\/wp-json\/wp\/v2\/posts"}],"about":[{"href":"https:\/\/www.radiopresidenteibanez.cl\/web\/wp-json\/wp\/v2\/types\/post"}],"author":[{"embeddable":true,"href":"https:\/\/www.radiopresidenteibanez.cl\/web\/wp-json\/wp\/v2\/users\/2"}],"replies":[{"embeddable":true,"href":"https:\/\/www.radiopresidenteibanez.cl\/web\/wp-json\/wp\/v2\/comments?post=18551"}],"version-history":[{"count":0,"href":"https:\/\/www.radiopresidenteibanez.cl\/web\/wp-json\/wp\/v2\/posts\/18551\/revisions"}],"wp:featuredmedia":[{"embeddable":true,"href":"https:\/\/www.radiopresidenteibanez.cl\/web\/wp-json\/wp\/v2\/media\/18552"}],"wp:attachment":[{"href":"https:\/\/www.radiopresidenteibanez.cl\/web\/wp-json\/wp\/v2\/media?parent=18551"}],"wp:term":[{"taxonomy":"category","embeddable":true,"href":"https:\/\/www.radiopresidenteibanez.cl\/web\/wp-json\/wp\/v2\/categories?post=18551"},{"taxonomy":"post_tag","embeddable":true,"href":"https:\/\/www.radiopresidenteibanez.cl\/web\/wp-json\/wp\/v2\/tags?post=18551"}],"curies":[{"name":"wp","href":"https:\/\/api.w.org\/{rel}","templated":true}]}}