{"id":18549,"date":"2021-02-15T02:15:00","date_gmt":"2021-02-15T02:15:00","guid":{"rendered":"https:\/\/www.radiopresidenteibanez.cl\/web\/?p=18549"},"modified":"2021-02-14T17:47:32","modified_gmt":"2021-02-14T17:47:32","slug":"este-lunes-comienza-proceso-de-vacunacion-de-trabajadores-de-establecimientos-educacionales","status":"publish","type":"post","link":"https:\/\/www.radiopresidenteibanez.cl\/web\/este-lunes-comienza-proceso-de-vacunacion-de-trabajadores-de-establecimientos-educacionales\/","title":{"rendered":"ESTE LUNES COMIENZA PROCESO DE VACUNACI\u00d3N DE TRABAJADORES DE                                          ESTABLECIMIENTOS EDUCACIONALES"},"content":{"rendered":"\n<p>Tal como anunci\u00f3 el Presidente Sebasti\u00e1n\nPi\u00f1era el viernes, este lunes comienza el esperado proceso de vacunaci\u00f3n contra\nel Covid-19 para los trabajadores de establecimientos educacionales, proceso\nque considera a profesores, asistentes de la educaci\u00f3n, educadoras de p\u00e1rvulos,\ndirectores, administrativos y manipuladores de alimentos,\nquienes fueron incorporados al 30% de la poblaci\u00f3n priorizada por el Gobierno\nen el calendario de vacunaci\u00f3n. <\/p>\n\n\n\n<p>El procedimiento considera a\n513.621 funcionarios a nivel nacional, y constituye un elemento fundamental\npara entregar tranquilidad a las comunidades educativas con miras reiniciar el\na\u00f1o escolar de forma segura.<\/p>\n\n\n\n<p>\u201cQuienes\ntrabajan en establecimientos educacionales -profesores, educadoras de p\u00e1rvulo,\nasistentes de la educaci\u00f3n, manipuladoras de alimentos y administrativos-\nejercen una labor fundamental en nuestro pa\u00eds. Es por eso que el Gobierno,\ncomprometido con la educaci\u00f3n de nuestros miles de ni\u00f1os y j\u00f3venes ha puesto\ncomo prioridad la inoculaci\u00f3n de las m\u00e1s de 500 mil personas que llevan a cabo\nesta importante funci\u00f3n\u201d, dijo el ministro de Educaci\u00f3n, Ra\u00fal Figueroa.<\/p>\n\n\n\n<p>El ministro remarc\u00f3 la convicci\u00f3n\ndel Gobierno con la importancia de que los ni\u00f1os puedan volver a la sala de\nclases, tanto para frenar y revertir el impacto que la pandemia ha tenido en\nsus aprendizajes, como por su desarrollo socioemocional y salud mental.\nAsimismo, dijo que \u201cel inicio de este proceso de vacunaci\u00f3n constituye una\nherramienta fundamental para que, junto a los protocolos y planes de\nfuncionamiento que hemos desarrollado con los colegios, contemos con las\nmejores condiciones para dar inicio al a\u00f1o escolar de forma segura y con un\nsistema mixto\u201d. \n\nEl proceso comenzar\u00e1 este lunes 15 de febrero\ncon los trabajadores mayores de 60 a\u00f1os, y durante la semana se ir\u00e1 adaptando\nel calendario para completar la inoculaci\u00f3n de los 513.621 funcionarios. Para\nacreditar su calidad de trabajadores de la educaci\u00f3n en el recinto de\nvacunaci\u00f3n, los funcionarios podr\u00e1n presentar su contrato de trabajo o un\ndocumento similar y, en caso de no poseerlo, podr\u00e1n descargar un certificado en\nhttps:\/\/tramites.mineduc.cl\/home\/procesos\/5, con su Clave \u00danica.&nbsp; &nbsp;&nbsp;&nbsp;&nbsp;&nbsp;&nbsp;&nbsp;&nbsp;&nbsp;&nbsp;&nbsp; <br><br>\nLos funcionarios que no conozcan su lugar de vacunaci\u00f3n podr\u00e1n encontrarlo en <a href=\"https:\/\/www.gob.cl\/yomevacuno\/\">https:\/\/www.gob.cl\/yomevacuno\/<\/a>, o consultarlo con el delegado de vacunaci\u00f3n que se\ndesign\u00f3 en cada establecimiento para acompa\u00f1ar este proceso. \n\n\n\n<\/p>\n","protected":false},"excerpt":{"rendered":"<p>Tal como anunci\u00f3 el Presidente Sebasti\u00e1n Pi\u00f1era el viernes, este lunes comienza el esperado proceso de vacunaci\u00f3n contra el Covid-19 para los trabajadores de establecimientos educacionales, proceso que considera a&#8230; <a class=\"read-more\" href=\"https:\/\/www.radiopresidenteibanez.cl\/web\/este-lunes-comienza-proceso-de-vacunacion-de-trabajadores-de-establecimientos-educacionales\/\">Leer m\u00e1s<\/a><\/p>\n","protected":false},"author":2,"featured_media":740,"comment_status":"closed","ping_status":"closed","sticky":false,"template":"","format":"standard","meta":{"footnotes":""},"categories":[1],"tags":[],"class_list":["post-18549","post","type-post","status-publish","format-standard","has-post-thumbnail","hentry","category-cronica"],"_links":{"self":[{"href":"https:\/\/www.radiopresidenteibanez.cl\/web\/wp-json\/wp\/v2\/posts\/18549","targetHints":{"allow":["GET"]}}],"collection":[{"href":"https:\/\/www.radiopresidenteibanez.cl\/web\/wp-json\/wp\/v2\/posts"}],"about":[{"href":"https:\/\/www.radiopresidenteibanez.cl\/web\/wp-json\/wp\/v2\/types\/post"}],"author":[{"embeddable":true,"href":"https:\/\/www.radiopresidenteibanez.cl\/web\/wp-json\/wp\/v2\/users\/2"}],"replies":[{"embeddable":true,"href":"https:\/\/www.radiopresidenteibanez.cl\/web\/wp-json\/wp\/v2\/comments?post=18549"}],"version-history":[{"count":0,"href":"https:\/\/www.radiopresidenteibanez.cl\/web\/wp-json\/wp\/v2\/posts\/18549\/revisions"}],"wp:featuredmedia":[{"embeddable":true,"href":"https:\/\/www.radiopresidenteibanez.cl\/web\/wp-json\/wp\/v2\/media\/740"}],"wp:attachment":[{"href":"https:\/\/www.radiopresidenteibanez.cl\/web\/wp-json\/wp\/v2\/media?parent=18549"}],"wp:term":[{"taxonomy":"category","embeddable":true,"href":"https:\/\/www.radiopresidenteibanez.cl\/web\/wp-json\/wp\/v2\/categories?post=18549"},{"taxonomy":"post_tag","embeddable":true,"href":"https:\/\/www.radiopresidenteibanez.cl\/web\/wp-json\/wp\/v2\/tags?post=18549"}],"curies":[{"name":"wp","href":"https:\/\/api.w.org\/{rel}","templated":true}]}}