{"id":1854,"date":"2019-03-05T13:34:56","date_gmt":"2019-03-05T13:34:56","guid":{"rendered":"http:\/\/www.radiopresidenteibanez.cl\/web\/?p=1854"},"modified":"2019-03-05T13:35:46","modified_gmt":"2019-03-05T13:35:46","slug":"consejo-regional-conocera-prioridades-del-ejecutivo-en-reunion-con-el-intendente-fernandez","status":"publish","type":"post","link":"https:\/\/www.radiopresidenteibanez.cl\/web\/consejo-regional-conocera-prioridades-del-ejecutivo-en-reunion-con-el-intendente-fernandez\/","title":{"rendered":"CONSEJO REGIONAL CONOCER\u00c1 PRIORIDADES DEL EJECUTIVO EN REUNI\u00d3N CON EL INTENDENTE FERN\u00c1NDEZ"},"content":{"rendered":"\n<p> Como una manera de iniciar formalmente el trabajo en conjunto en pos de la regi\u00f3n, el Consejo Regional de Magallanes y Ant\u00e1rtica Chilena sostendr\u00e1 una reuni\u00f3n de coordinaci\u00f3n con el intendente, Jos\u00e9 Fern\u00e1ndez, la cual se efectuar\u00e1 el pr\u00f3ximo lunes (11 de marzo).En la oportunidad, los integrantes del pleno conocer\u00e1n cu\u00e1les son las prioridades del Ejecutivo en materia de proyectos a desarrollar. <\/p>\n\n\n\n<p>\u201cTomamos en consideraci\u00f3n, fundamentalmente, la agenda que se va a continuar en materia de trabajo, por ejemplo, ver cu\u00e1les son las prioridades del Ejecutivo en esta materia, si la inversi\u00f3n p\u00fablica va a estar direccionada hacia vivienda, en materia de conectividad, qu\u00e9 va a pasar con los rellenos sanitarios, que es un gran tema\u201d, afirm\u00f3 el presidente del Consejo Regional, Tolentino Soto.<\/p>\n\n\n\n<p>El representante del Cuerpo Colegiado indic\u00f3 que en materia de rellenos sanitarios, existe una situaci\u00f3n muy compleja en la regi\u00f3n. \u201cEstamos casi con una situaci\u00f3n de emergencia, dado que todav\u00eda no avanza el proyecto de relleno sanitario de Punta Arenas y el de Porvenir, como la central de transferencias de Puerto Williams. <\/p>\n\n\n\n<p>Necesitamos conocer qu\u00e9 ocurre con el relleno sanitario de Puerto Natales, donde ha habido una gran inversi\u00f3n p\u00fablica y a\u00fan se est\u00e1 en la etapa de autorizaci\u00f3n de los servicios para poder ponerlo en funcionamiento\u201d, precis\u00f3.<\/p>\n\n\n\n<p>El encuentro promete ser de gran trascendencia para los consejeros, que han podido apreciar una muy buena disposici\u00f3n de parte de la primera autoridad regional, para escuchar sus inquietudes. <\/p>\n\n\n\n<p>\u201cVa a significar tener una carta de navegaci\u00f3n o un mismo lenguaje con el Ejecutivo, para poder buscar la forma, tal vez, de trabajar una cartera de proyectos que pueda ser analizada, trabajada en conjunto. Esto es algo que el Consejo ven\u00eda buscando hace mucho tiempo, el ser escuchado en materia de opiniones respecto a la cartera de inversi\u00f3n p\u00fablica que se va a hacer en la regi\u00f3n\u201d, puntualiz\u00f3 Soto Espa\u00f1a.\u00a0\u00a0 <\/p>\n\n\n\n<p>En la oportunidad tambi\u00e9n particip\u00f3 de la reuni\u00f3n el Consejero Regional, Antonio Bradasic.<\/p>\n\n\n\n<figure class=\"wp-block-image\"><img loading=\"lazy\" decoding=\"async\" width=\"900\" height=\"600\" src=\"http:\/\/www.radiopresidenteibanez.cl\/web\/wp-content\/uploads\/2019\/03\/FB_IMG_1551792452095.jpg\" alt=\"\" class=\"wp-image-1855\" srcset=\"https:\/\/www.radiopresidenteibanez.cl\/web\/wp-content\/uploads\/2019\/03\/FB_IMG_1551792452095.jpg 900w, https:\/\/www.radiopresidenteibanez.cl\/web\/wp-content\/uploads\/2019\/03\/FB_IMG_1551792452095-300x200.jpg 300w, https:\/\/www.radiopresidenteibanez.cl\/web\/wp-content\/uploads\/2019\/03\/FB_IMG_1551792452095-768x512.jpg 768w\" sizes=\"auto, (max-width: 900px) 100vw, 900px\" \/><\/figure>\n","protected":false},"excerpt":{"rendered":"<p>Como una manera de iniciar formalmente el trabajo en conjunto en pos de la regi\u00f3n, el Consejo Regional de Magallanes y Ant\u00e1rtica Chilena sostendr\u00e1 una reuni\u00f3n de coordinaci\u00f3n con el&#8230; <a class=\"read-more\" href=\"https:\/\/www.radiopresidenteibanez.cl\/web\/consejo-regional-conocera-prioridades-del-ejecutivo-en-reunion-con-el-intendente-fernandez\/\">Leer m\u00e1s<\/a><\/p>\n","protected":false},"author":2,"featured_media":1855,"comment_status":"closed","ping_status":"closed","sticky":false,"template":"","format":"standard","meta":{"footnotes":""},"categories":[1,5],"tags":[],"class_list":["post-1854","post","type-post","status-publish","format-standard","has-post-thumbnail","hentry","category-cronica","category-politica"],"_links":{"self":[{"href":"https:\/\/www.radiopresidenteibanez.cl\/web\/wp-json\/wp\/v2\/posts\/1854","targetHints":{"allow":["GET"]}}],"collection":[{"href":"https:\/\/www.radiopresidenteibanez.cl\/web\/wp-json\/wp\/v2\/posts"}],"about":[{"href":"https:\/\/www.radiopresidenteibanez.cl\/web\/wp-json\/wp\/v2\/types\/post"}],"author":[{"embeddable":true,"href":"https:\/\/www.radiopresidenteibanez.cl\/web\/wp-json\/wp\/v2\/users\/2"}],"replies":[{"embeddable":true,"href":"https:\/\/www.radiopresidenteibanez.cl\/web\/wp-json\/wp\/v2\/comments?post=1854"}],"version-history":[{"count":0,"href":"https:\/\/www.radiopresidenteibanez.cl\/web\/wp-json\/wp\/v2\/posts\/1854\/revisions"}],"wp:featuredmedia":[{"embeddable":true,"href":"https:\/\/www.radiopresidenteibanez.cl\/web\/wp-json\/wp\/v2\/media\/1855"}],"wp:attachment":[{"href":"https:\/\/www.radiopresidenteibanez.cl\/web\/wp-json\/wp\/v2\/media?parent=1854"}],"wp:term":[{"taxonomy":"category","embeddable":true,"href":"https:\/\/www.radiopresidenteibanez.cl\/web\/wp-json\/wp\/v2\/categories?post=1854"},{"taxonomy":"post_tag","embeddable":true,"href":"https:\/\/www.radiopresidenteibanez.cl\/web\/wp-json\/wp\/v2\/tags?post=1854"}],"curies":[{"name":"wp","href":"https:\/\/api.w.org\/{rel}","templated":true}]}}