{"id":18539,"date":"2021-02-14T03:30:00","date_gmt":"2021-02-14T03:30:00","guid":{"rendered":"https:\/\/www.radiopresidenteibanez.cl\/web\/?p=18539"},"modified":"2021-02-13T18:36:20","modified_gmt":"2021-02-13T18:36:20","slug":"seremia-de-la-mujer-y-equidad-de-genero-de-magallanes-entrego-capacitacion-a-funcionarios-del-sernac-de-todo-el-pais","status":"publish","type":"post","link":"https:\/\/www.radiopresidenteibanez.cl\/web\/seremia-de-la-mujer-y-equidad-de-genero-de-magallanes-entrego-capacitacion-a-funcionarios-del-sernac-de-todo-el-pais\/","title":{"rendered":"SEREM\u00cdA DE LA MUJER Y EQUIDAD DE G\u00c9NERO DE MAGALLANES ENTREG\u00d3 CAPACITACI\u00d3N A FUNCIONARIOS DEL SERNAC DE TODO EL PA\u00cdS"},"content":{"rendered":"\n<p>Cerca de 60 funcionarias y\nfuncionarios del Servicio Nacional del Consumidor, SERNAC, fueron capacitados\nen: Metodolog\u00eda para dar primera respuesta a las mujeres que viven\nviolencia.&nbsp; La actividad fue encabezada\npor la Seremi de la Mujer y Equidad de G\u00e9nero de Magallanes Daisy Carrera\nOcaranza y la exposici\u00f3n estuvo a cargo de la Profesional de Apoyo de la\nSeremia Alejandra Ruiz Ovando.<\/p>\n\n\n\n<p>El taller desarrollado por\nvideo conferencia se enmarc\u00f3, por un lado, en las actividades formuladas en\nbase a la prevenci\u00f3n de la violencia contra la mujer de la Agenda de Mujer, y\npor otro, dentro de los compromisos de la Agenda de Equidad e Igualdad de\nG\u00e9nero Institucional del SERNAC, que incluye la capacitaci\u00f3n a sus\nfuncionarias\/os.&nbsp; Apoyada por im\u00e1genes y\nv\u00eddeos se detallaron las formas m\u00e1s convenientes para acoger y derivar a las\nmujeres que acuden al servicio y han sido v\u00edctima de violencia de g\u00e9nero, de\nmanera de hacer m\u00e1s expedita y eficiente la ayuda que las y los funcionarias\/os\npuedan prestar, concluyendo con di\u00e1logos y respuestas a las inquietudes y dudas\nque se manifestaron.<\/p>\n\n\n\n<p>La\nSeremi de la Mujer y la Equidad de G\u00e9nero en Magallanes Daisy Carrera dijo que <em>\u201cesta actividad es de gran relevancia, ya\nque el personal del SERNAC atiende una cantidad importante de personas y pueden\ndar respuesta si se llegara a develar una situaci\u00f3n de violencia.&nbsp; agradecer al\nSERNAC quien permiti\u00f3 que por primera vez lleg\u00e1ramos con nuestro trabajo a un\nservicio a nivel nacional\u201d.<\/em><\/p>\n\n\n\n<p>Esta\nactividad se ha desarrollado en m\u00faltiples oportunidades a nivel local con los\ndistintos servicios p\u00fablicos de la regi\u00f3n.&nbsp;\nLos y las participantes, manifestaron la importancia que tiene para la\natenci\u00f3n de p\u00fablico del pa\u00eds, contar con herramientas, para poder apoyar a las\nmujeres que viven violencia y saber d\u00f3nde derivar, especialmente en tiempos de\npandemia, donde se ha detectado un aumento en situaciones de este tipo, en el\npa\u00eds.<\/p>\n","protected":false},"excerpt":{"rendered":"<p>Cerca de 60 funcionarias y funcionarios del Servicio Nacional del Consumidor, SERNAC, fueron capacitados en: Metodolog\u00eda para dar primera respuesta a las mujeres que viven violencia.&nbsp; La actividad fue encabezada&#8230; <a class=\"read-more\" href=\"https:\/\/www.radiopresidenteibanez.cl\/web\/seremia-de-la-mujer-y-equidad-de-genero-de-magallanes-entrego-capacitacion-a-funcionarios-del-sernac-de-todo-el-pais\/\">Leer m\u00e1s<\/a><\/p>\n","protected":false},"author":2,"featured_media":18540,"comment_status":"closed","ping_status":"closed","sticky":false,"template":"","format":"standard","meta":{"footnotes":""},"categories":[1],"tags":[],"class_list":["post-18539","post","type-post","status-publish","format-standard","has-post-thumbnail","hentry","category-cronica"],"_links":{"self":[{"href":"https:\/\/www.radiopresidenteibanez.cl\/web\/wp-json\/wp\/v2\/posts\/18539","targetHints":{"allow":["GET"]}}],"collection":[{"href":"https:\/\/www.radiopresidenteibanez.cl\/web\/wp-json\/wp\/v2\/posts"}],"about":[{"href":"https:\/\/www.radiopresidenteibanez.cl\/web\/wp-json\/wp\/v2\/types\/post"}],"author":[{"embeddable":true,"href":"https:\/\/www.radiopresidenteibanez.cl\/web\/wp-json\/wp\/v2\/users\/2"}],"replies":[{"embeddable":true,"href":"https:\/\/www.radiopresidenteibanez.cl\/web\/wp-json\/wp\/v2\/comments?post=18539"}],"version-history":[{"count":0,"href":"https:\/\/www.radiopresidenteibanez.cl\/web\/wp-json\/wp\/v2\/posts\/18539\/revisions"}],"wp:featuredmedia":[{"embeddable":true,"href":"https:\/\/www.radiopresidenteibanez.cl\/web\/wp-json\/wp\/v2\/media\/18540"}],"wp:attachment":[{"href":"https:\/\/www.radiopresidenteibanez.cl\/web\/wp-json\/wp\/v2\/media?parent=18539"}],"wp:term":[{"taxonomy":"category","embeddable":true,"href":"https:\/\/www.radiopresidenteibanez.cl\/web\/wp-json\/wp\/v2\/categories?post=18539"},{"taxonomy":"post_tag","embeddable":true,"href":"https:\/\/www.radiopresidenteibanez.cl\/web\/wp-json\/wp\/v2\/tags?post=18539"}],"curies":[{"name":"wp","href":"https:\/\/api.w.org\/{rel}","templated":true}]}}