{"id":18536,"date":"2021-02-14T03:15:00","date_gmt":"2021-02-14T03:15:00","guid":{"rendered":"https:\/\/www.radiopresidenteibanez.cl\/web\/?p=18536"},"modified":"2021-02-13T18:32:17","modified_gmt":"2021-02-13T18:32:17","slug":"samu-cuenta-con-nuevo-sistema-de-georeferenciacion-de-aguas-magallanes-para-acudir-a-emergencias","status":"publish","type":"post","link":"https:\/\/www.radiopresidenteibanez.cl\/web\/samu-cuenta-con-nuevo-sistema-de-georeferenciacion-de-aguas-magallanes-para-acudir-a-emergencias\/","title":{"rendered":"SAMU CUENTA CON NUEVO SISTEMA DE GEOREFERENCIACI\u00d3N  DE AGUAS MAGALLANES PARA ACUDIR A EMERGENCIAS"},"content":{"rendered":"\n<p> Aguas Magallanes dio a conocer la concreci\u00f3n de un convenio de colaboraci\u00f3n tecnol\u00f3gica con el Servicio de Salud de Magallanes, que vendr\u00e1 a contribuir a la labor del Servicio de Atenci\u00f3n M\u00e9dico de Urgencias (SAMU). En tal sentido, dicha unidad de emergencias podr\u00e1 acceder a la plataforma de Sistema de Referencia Geogr\u00e1fica (GIS) de la compa\u00f1\u00eda, la que re\u00fane toda la informaci\u00f3n cartogr\u00e1fica digitalizada de su infraestructura sanitaria y redes de agua potable y aguas servidas.<\/p>\n\n\n\n<p>A trav\u00e9s de dicho software, el SAMU podr\u00e1 contar con informaci\u00f3n actualizada respecto de intersecciones, calles y numeraciones, cuando se acude a una emergencia. Lo anterior facilitar\u00e1 el trabajo del servicio, limitando la posibilidad -por ejemplo- de no dar con numeraciones, &nbsp;o utilizar rutas m\u00e1s largas, lo que retrasa la atenci\u00f3n. El GIS aporta datos referenciales y calles principales aleda\u00f1as, lo que contribuir\u00e1 a los equipos a llegar en el menor tiempo posible.<\/p>\n\n\n\n<p>\u201cPara Aguas Magallanes y su equipo es una gran satisfacci\u00f3n poder contribuir a una tarea tan esencial como es la del SAMU del Servicio de Salud de nuestra regi\u00f3n. Ellos est\u00e1n para salvar vidas. Y estamos seguros que este apoyo tecnol\u00f3gico les facilitar\u00e1 su sacrificado trabajo, para ir en ayuda de muchos magall\u00e1nicos cuando lo necesitan\u201d, sostuvo Christian Adema Galetovic, gerente regional de Aguas Magallanes.<\/p>\n\n\n\n<p>As\u00ed, un equipo del SAMU ya fue entrenado en la plataforma GIS de Aguas Magallanes en estos d\u00edas, quedando listos para operar. \u201cLa plataforma GIS es clara y f\u00e1cil de utilizar. Agradecemos el aporte de Aguas Magallanes a nuestra gesti\u00f3n\u201d, &nbsp;sostuvo el doctor Felipe Hern\u00e1ndez Sotomayor, jefe SAMU Magallanes<\/p>\n\n\n\n<p>En la actualidad, el SAMU de Magallanes realiza unas 1.300 salidas efectivas mensuales y cuenta con una dotaci\u00f3n de 65 funcionarios interventores, reguladores y administrativos. En este contexto, la entidad aprovech\u00f3 de recordar que por su naturaleza, el servicio est\u00e1 concebido para atender en su mayor\u00eda los casos graves, es decir,cuando un paciente se encuentre en riesgo vital como consecuencia de un accidente, p\u00e9rdida de conocimiento, patolog\u00edascardiovasculares, entre otras. Agregaron que si bien esta herramienta proporcionada por Aguas Magallanes es un aporte significativo para la localizaci\u00f3n de pacientes que requieren atenci\u00f3n de urgencia, siempre se recomienda entregar informaci\u00f3n precisa por parte de quien requiere del servicio.&nbsp;&nbsp;\n\n<\/p>\n","protected":false},"excerpt":{"rendered":"<p>Aguas Magallanes dio a conocer la concreci\u00f3n de un convenio de colaboraci\u00f3n tecnol\u00f3gica con el Servicio de Salud de Magallanes, que vendr\u00e1 a contribuir a la labor del Servicio de&#8230; <a class=\"read-more\" href=\"https:\/\/www.radiopresidenteibanez.cl\/web\/samu-cuenta-con-nuevo-sistema-de-georeferenciacion-de-aguas-magallanes-para-acudir-a-emergencias\/\">Leer m\u00e1s<\/a><\/p>\n","protected":false},"author":2,"featured_media":18537,"comment_status":"closed","ping_status":"closed","sticky":false,"template":"","format":"standard","meta":{"footnotes":""},"categories":[1],"tags":[],"class_list":["post-18536","post","type-post","status-publish","format-standard","has-post-thumbnail","hentry","category-cronica"],"_links":{"self":[{"href":"https:\/\/www.radiopresidenteibanez.cl\/web\/wp-json\/wp\/v2\/posts\/18536","targetHints":{"allow":["GET"]}}],"collection":[{"href":"https:\/\/www.radiopresidenteibanez.cl\/web\/wp-json\/wp\/v2\/posts"}],"about":[{"href":"https:\/\/www.radiopresidenteibanez.cl\/web\/wp-json\/wp\/v2\/types\/post"}],"author":[{"embeddable":true,"href":"https:\/\/www.radiopresidenteibanez.cl\/web\/wp-json\/wp\/v2\/users\/2"}],"replies":[{"embeddable":true,"href":"https:\/\/www.radiopresidenteibanez.cl\/web\/wp-json\/wp\/v2\/comments?post=18536"}],"version-history":[{"count":0,"href":"https:\/\/www.radiopresidenteibanez.cl\/web\/wp-json\/wp\/v2\/posts\/18536\/revisions"}],"wp:featuredmedia":[{"embeddable":true,"href":"https:\/\/www.radiopresidenteibanez.cl\/web\/wp-json\/wp\/v2\/media\/18537"}],"wp:attachment":[{"href":"https:\/\/www.radiopresidenteibanez.cl\/web\/wp-json\/wp\/v2\/media?parent=18536"}],"wp:term":[{"taxonomy":"category","embeddable":true,"href":"https:\/\/www.radiopresidenteibanez.cl\/web\/wp-json\/wp\/v2\/categories?post=18536"},{"taxonomy":"post_tag","embeddable":true,"href":"https:\/\/www.radiopresidenteibanez.cl\/web\/wp-json\/wp\/v2\/tags?post=18536"}],"curies":[{"name":"wp","href":"https:\/\/api.w.org\/{rel}","templated":true}]}}