{"id":18527,"date":"2021-02-13T03:00:00","date_gmt":"2021-02-13T03:00:00","guid":{"rendered":"https:\/\/www.radiopresidenteibanez.cl\/web\/?p=18527"},"modified":"2021-02-12T20:33:31","modified_gmt":"2021-02-12T20:33:31","slug":"hotel-deportivo-del-ind-fue-remodelado-y-contara-con-habitacion-para-personas-en-situacion-de-discapacidad","status":"publish","type":"post","link":"https:\/\/www.radiopresidenteibanez.cl\/web\/hotel-deportivo-del-ind-fue-remodelado-y-contara-con-habitacion-para-personas-en-situacion-de-discapacidad\/","title":{"rendered":"HOTEL DEPORTIVO DEL IND FUE REMODELADO Y CONTAR\u00c1 CON HABITACI\u00d3N PARA PERSONAS EN SITUACI\u00d3N DE DISCAPACIDAD"},"content":{"rendered":"\n<p>El Ministerio del\nDeporte e Instituto Nacional de Deportes realizaron una millonaria inversi\u00f3n\npara conservar el Hotel Deportivo de Punta Arenas, ubicado en Enrique Abello\ncon Uruguay, y entregar mayor comodidad en un recinto que ya tiene 25 a\u00f1os de\nvida. <\/p>\n\n\n\n<p>Con una inversi\u00f3n\nde 196 millones, el albergue deportivo sufri\u00f3 una completa renovaci\u00f3n de sus\ninstalaciones tras ejecutar un proyecto que consider\u00f3 trabajos\nde pintura exterior e interior, pavimentaci\u00f3n, cambio de porcelanatos de pisos\ny muros, nuevos artefactos sanitarios, cambio de iluminaci\u00f3n e instalaciones\nnuevas de servicios b\u00e1sicos. <\/p>\n\n\n\n<p>Adem\u00e1s, dentro de las obras realizadas\nen el Hotel Deportivo, se consider\u00f3 cambio de ventanas a termopaneles en los\ndormitorios, nuevas puertas, y renovaci\u00f3n del sistema de calefacci\u00f3n central. <\/p>\n\n\n\n<p>\u201cEstamos muy contentos con esta nueva\ncara que le estamos dando al Albergue Deportivo, el que, considerando el tiempo\nde vida que tiene, necesitaba una renovaci\u00f3n completa para entregarle la m\u00e1xima\ncomodidad a las delegaciones deportivas que en un futuro puedan visitar la\nregi\u00f3n de Magallanes\u201d, se\u00f1al\u00f3 la Seremi del Deporte tras la visita para la recepci\u00f3n\nprovisoria del recinto. <\/p>\n\n\n\n<p>En la renovaci\u00f3n del albergue del\nInstituto Nacional de Deportes, el que ser\u00e1 equipado una vez que las obras\nest\u00e9n entregadas de forma definitiva, tambi\u00e9n se consider\u00f3 la ejecuci\u00f3n de\nacceso universal y se habilit\u00f3 una pieza y ba\u00f1o que ser\u00e1 para uso exclusivo de\npersonas en situaci\u00f3n de discapacidad.<\/p>\n\n\n\n<p>\u201cConsiderando el trabajo que estamos\nrealizando como Ministerio del Deporte con la mesa t\u00e9cnica de deporte adaptado, la creaci\u00f3n de\neste espacio exclusivo para personas en situaci\u00f3n de discapacidad es\nfundamental para seguir potenciando el deporte paral\u00edmpico y adaptado en\nnuestra regi\u00f3n de Magallanes, ya que, por ejemplo, tendremos m\u00e1s facilidades\npara poder desarrollar competencias adaptadas\u201d, agreg\u00f3 la m\u00e1xima autoridad <\/p>\n\n\n\n<p>Tras esta conservaci\u00f3n, el Hotel Deportivo tendr\u00e1\nhabilitadas ocho habitaciones completamente equipadas para recibir a 32\npersonas, sum\u00e1ndose estos trabajos a los ya realizados durante 2020, donde se\nadquirieron nuevos camarotes, ropa de cama, implementaci\u00f3n de cocina, sillones,\nmesas, y sillas.<\/p>\n","protected":false},"excerpt":{"rendered":"<p>El Ministerio del Deporte e Instituto Nacional de Deportes realizaron una millonaria inversi\u00f3n para conservar el Hotel Deportivo de Punta Arenas, ubicado en Enrique Abello con Uruguay, y entregar mayor&#8230; <a class=\"read-more\" href=\"https:\/\/www.radiopresidenteibanez.cl\/web\/hotel-deportivo-del-ind-fue-remodelado-y-contara-con-habitacion-para-personas-en-situacion-de-discapacidad\/\">Leer m\u00e1s<\/a><\/p>\n","protected":false},"author":2,"featured_media":18528,"comment_status":"closed","ping_status":"closed","sticky":false,"template":"","format":"standard","meta":{"footnotes":""},"categories":[1],"tags":[],"class_list":["post-18527","post","type-post","status-publish","format-standard","has-post-thumbnail","hentry","category-cronica"],"_links":{"self":[{"href":"https:\/\/www.radiopresidenteibanez.cl\/web\/wp-json\/wp\/v2\/posts\/18527","targetHints":{"allow":["GET"]}}],"collection":[{"href":"https:\/\/www.radiopresidenteibanez.cl\/web\/wp-json\/wp\/v2\/posts"}],"about":[{"href":"https:\/\/www.radiopresidenteibanez.cl\/web\/wp-json\/wp\/v2\/types\/post"}],"author":[{"embeddable":true,"href":"https:\/\/www.radiopresidenteibanez.cl\/web\/wp-json\/wp\/v2\/users\/2"}],"replies":[{"embeddable":true,"href":"https:\/\/www.radiopresidenteibanez.cl\/web\/wp-json\/wp\/v2\/comments?post=18527"}],"version-history":[{"count":0,"href":"https:\/\/www.radiopresidenteibanez.cl\/web\/wp-json\/wp\/v2\/posts\/18527\/revisions"}],"wp:featuredmedia":[{"embeddable":true,"href":"https:\/\/www.radiopresidenteibanez.cl\/web\/wp-json\/wp\/v2\/media\/18528"}],"wp:attachment":[{"href":"https:\/\/www.radiopresidenteibanez.cl\/web\/wp-json\/wp\/v2\/media?parent=18527"}],"wp:term":[{"taxonomy":"category","embeddable":true,"href":"https:\/\/www.radiopresidenteibanez.cl\/web\/wp-json\/wp\/v2\/categories?post=18527"},{"taxonomy":"post_tag","embeddable":true,"href":"https:\/\/www.radiopresidenteibanez.cl\/web\/wp-json\/wp\/v2\/tags?post=18527"}],"curies":[{"name":"wp","href":"https:\/\/api.w.org\/{rel}","templated":true}]}}