{"id":18524,"date":"2021-02-14T02:45:00","date_gmt":"2021-02-14T02:45:00","guid":{"rendered":"https:\/\/www.radiopresidenteibanez.cl\/web\/?p=18524"},"modified":"2021-02-12T20:28:55","modified_gmt":"2021-02-12T20:28:55","slug":"austronautica-disco-de-musica-electronica-desde-magallanes","status":"publish","type":"post","link":"https:\/\/www.radiopresidenteibanez.cl\/web\/austronautica-disco-de-musica-electronica-desde-magallanes\/","title":{"rendered":"\u00abAUSTRON\u00c1UTICA\u00bb, DISCO DE M\u00daSICA ELECTR\u00d3NICA DESDE MAGALLANES"},"content":{"rendered":"\n<p>\u00abAUSTRON\u00c1UTICA\u00bb\nes el nuevo trabajo discogr\u00e1fico en solitario de Rafael Cheuquelaf, integrante\ndel d\u00fao electr\u00f3nico magall\u00e1nico LLUVIA \u00c1CIDA. El trabajo, que consta de siete\ntemas instrumentales, fue grabado a fines de 2020 y se caracteriza por su\nsonido proveniente de diversos sintetizadores an\u00e1logos y digitales. Las\ninfluencias que puede citar Rafael Cheuquelaf, que cultiva este estilo desde ya\nhace 25 A\u00f1os, son diversas. \u00abLos sintetizadores llamaron mi atenci\u00f3n desde\nni\u00f1o, escuchando a artistas como Vangelis, Jean Michel Jarr\u00e9 e Isao Tomita.\nDespu\u00e9s me fascinaron grupos como Kraftwerk, Tangerine Dream, Depeche Mode y\nFront 242. Despu\u00e9s descubr\u00ed cosas m\u00e1s experimentales como Pan Sonic, The Future\nSound of London y Aphex Twin y las bandas sonoras de Popul Vuh y Jonh\nCarpenter. La M\u00fasica Electr\u00f3nica sigue a\u00fan en constante evoluci\u00f3n, pero tambi\u00e9n\ntiene una gran tradici\u00f3n y una historia en la que inspirarse\u00bb, explic\u00f3\nCheuquelaf.<\/p>\n\n\n\n<p>A diferencia de\n\u00abANTIVIRAL\u00bb (2020), el \u00faltimo disco de LLUVIA \u00c1CIDA en que Rafael\nCheuquelaf trabaj\u00f3 junto a H\u00e9ctor Aguilar y que abord\u00f3 la Pandemia de COVID-19,\neste trabajo no tiene un tema central definido. \u00abM\u00e1s bien tiene que ver\ncon la mezcla entre el paisaje y la tecnolog\u00eda, con la fragilidad humana ante\nlo vasto y lo invisible. Transmite cierta inquietud existencial mediante el\nsonido, que surge de forma natural en estos tiempos de incertidumbre\u00bb,\napunta el m\u00fasico. De eso dan cuenta temas como \u00abAustron\u00e1utica\u00bb,\n\u00abEstaci\u00f3n Meteorol\u00f3gica\u00bb, \u00abRadiaci\u00f3n UV\u00bb o \u00ab\u00daltimos\nhombres en Patagonia\u00bb.<\/p>\n\n\n\n<p>Ya est\u00e1 disponible en\nel portal You Tube (<a href=\"https:\/\/youtu.be\/FzW9q3rRBNM\" target=\"_blank\" rel=\"noreferrer noopener\">https:\/\/youtu.be\/FzW9q3rRBNM<\/a>) el video de uno\nde sus temas, titulado \u00abBAJO LA V\u00cdA L\u00c1CTEA\u00bb. Este fue elaborado en\nbase a fotograf\u00edas nocturnas captadas por el mismo m\u00fasico durante los \u00faltimos\na\u00f1os, que muestran la galaxia en la que habitamos en todo su esplendor sobre\nparajes cercanos a Punta Arenas. \u00abEs una especie de banda sonora para lo\nque ha sido la experiencia de hacer estas fotograf\u00edas, que tom\u00e9 estando\ncompletamente solo en lugares poco concurridos y cercanos a nuestra ciudad. La\nfotograf\u00eda de portada del disco tambi\u00e9n es m\u00eda y muestra una antena en el\nsector de Gobernador Phillipi, con la V\u00eda L\u00e1ctea de fondo, el planeta Marte y\nel rastro luminoso de la Estaci\u00f3n Espacial Internacional pasando sobre la\nPatagonia\u00bb, explic\u00f3 el autor.<\/p>\n\n\n\n<p>El disco\n\u00abAUSTRON\u00c1UTICA\u00bb es publicado por el sello PUEBLO NUEVO Netlabel y\nestar\u00e1 disponible para escucha y descarga gratuita a partir de este lunes 15 de\nFebrero desde la p\u00e1gina&nbsp;<a href=\"https:\/\/pueblonuevo.cl\/austronautica\" target=\"_blank\" rel=\"noreferrer noopener\">https:\/\/pueblonuevo.cl\/austronautica<\/a>.<\/p>\n\n\n\n<p>Biograf\u00eda Rafael\nCheuquelaf:<\/p>\n\n\n\n<figure class=\"wp-block-embed-wordpress wp-block-embed is-type-wp-embed is-provider-pueblo-nuevo-netlabel\"><div class=\"wp-block-embed__wrapper\">\n<blockquote class=\"wp-embedded-content\" data-secret=\"6bUF1QP5Rl\"><a href=\"https:\/\/pueblonuevo.cl\/bios\/rafael-cheuquelaf\/\">Rafael Cheuquelaf<\/a><\/blockquote><iframe loading=\"lazy\" class=\"wp-embedded-content\" sandbox=\"allow-scripts\" security=\"restricted\" style=\"position: absolute; visibility: hidden;\" title=\"\u00abRafael Cheuquelaf\u00bb \u2014 Pueblo Nuevo Netlabel\" src=\"https:\/\/pueblonuevo.cl\/bios\/rafael-cheuquelaf\/embed\/#?secret=jwnlgRK0jQ#?secret=6bUF1QP5Rl\" data-secret=\"6bUF1QP5Rl\" width=\"500\" height=\"282\" frameborder=\"0\" marginwidth=\"0\" marginheight=\"0\" scrolling=\"no\"><\/iframe>\n<\/div><\/figure>\n","protected":false},"excerpt":{"rendered":"<p>\u00abAUSTRON\u00c1UTICA\u00bb es el nuevo trabajo discogr\u00e1fico en solitario de Rafael Cheuquelaf, integrante del d\u00fao electr\u00f3nico magall\u00e1nico LLUVIA \u00c1CIDA. El trabajo, que consta de siete temas instrumentales, fue grabado a fines&#8230; <a class=\"read-more\" href=\"https:\/\/www.radiopresidenteibanez.cl\/web\/austronautica-disco-de-musica-electronica-desde-magallanes\/\">Leer m\u00e1s<\/a><\/p>\n","protected":false},"author":2,"featured_media":18525,"comment_status":"closed","ping_status":"closed","sticky":false,"template":"","format":"standard","meta":{"footnotes":""},"categories":[1],"tags":[],"class_list":["post-18524","post","type-post","status-publish","format-standard","has-post-thumbnail","hentry","category-cronica"],"_links":{"self":[{"href":"https:\/\/www.radiopresidenteibanez.cl\/web\/wp-json\/wp\/v2\/posts\/18524","targetHints":{"allow":["GET"]}}],"collection":[{"href":"https:\/\/www.radiopresidenteibanez.cl\/web\/wp-json\/wp\/v2\/posts"}],"about":[{"href":"https:\/\/www.radiopresidenteibanez.cl\/web\/wp-json\/wp\/v2\/types\/post"}],"author":[{"embeddable":true,"href":"https:\/\/www.radiopresidenteibanez.cl\/web\/wp-json\/wp\/v2\/users\/2"}],"replies":[{"embeddable":true,"href":"https:\/\/www.radiopresidenteibanez.cl\/web\/wp-json\/wp\/v2\/comments?post=18524"}],"version-history":[{"count":0,"href":"https:\/\/www.radiopresidenteibanez.cl\/web\/wp-json\/wp\/v2\/posts\/18524\/revisions"}],"wp:featuredmedia":[{"embeddable":true,"href":"https:\/\/www.radiopresidenteibanez.cl\/web\/wp-json\/wp\/v2\/media\/18525"}],"wp:attachment":[{"href":"https:\/\/www.radiopresidenteibanez.cl\/web\/wp-json\/wp\/v2\/media?parent=18524"}],"wp:term":[{"taxonomy":"category","embeddable":true,"href":"https:\/\/www.radiopresidenteibanez.cl\/web\/wp-json\/wp\/v2\/categories?post=18524"},{"taxonomy":"post_tag","embeddable":true,"href":"https:\/\/www.radiopresidenteibanez.cl\/web\/wp-json\/wp\/v2\/tags?post=18524"}],"curies":[{"name":"wp","href":"https:\/\/api.w.org\/{rel}","templated":true}]}}