{"id":18521,"date":"2021-02-13T02:45:00","date_gmt":"2021-02-13T02:45:00","guid":{"rendered":"https:\/\/www.radiopresidenteibanez.cl\/web\/?p=18521"},"modified":"2021-02-12T20:25:47","modified_gmt":"2021-02-12T20:25:47","slug":"municipio-invita-a-vecinos-a-participar-de-talleres-deportivos-al-aire-libre-en-punta-arenas","status":"publish","type":"post","link":"https:\/\/www.radiopresidenteibanez.cl\/web\/municipio-invita-a-vecinos-a-participar-de-talleres-deportivos-al-aire-libre-en-punta-arenas\/","title":{"rendered":"MUNICIPIO INVITA A VECINOS A PARTICIPAR DE TALLERES DEPORTIVOS AL AIRE LIBRE EN PUNTA ARENAS"},"content":{"rendered":"\n<p> Durante los meses de febrero y marzo, el Municipio de Punta Arenas, a trav\u00e9s de la Direcci\u00f3n de Desarrollo Comunitario, se encuentra realizando una serie de talleres deportivos al aire libre, que permitir\u00e1n a los vecinos disfrutar de las buenas temperaturas y reforzar su organismo a trav\u00e9s de la actividad f\u00edsica.<\/p>\n\n\n\n<p>Zumba, Acondicionamiento F\u00edsico, Escuela Deportiva, Tenis, Esgrima, B\u00e1squetbol, Balonmano, Danza y Karate, son las alternativas disponibles, los cuales actualmente se est\u00e1n desarrollando con un aforo m\u00e1ximo de 10 personas, debido a la situaci\u00f3n de pandemia existente.<\/p>\n\n\n\n<p>\u201cEstamos en modo Covid y por eso estamos contentos de poder ver c\u00f3mo los vecinos se han entusiasmado. Hoy ya tenemos los cursos funcionando en 12 multicanchas distintas en toda la ciudad. (\u2026) Pero hicimos m\u00e1s cursos para que se sumen a estas actividades, con los profesores que van a estar en distintos puntos de la ciudad de manera permanente\u201d, afirm\u00f3 el alcalde de Punta Arenas, Claudio Radonich, en la presentaci\u00f3n del programa, realizada este viernes en la Plaza de las Banderas.<\/p>\n\n\n\n<p>En la oportunidad, la profesora e instructora de Zumba, Lidia Runil, indic\u00f3 que \u201cdespu\u00e9s de la pandemia hubo un cambio sustancial en la mente de las personas por querer participar en las actividades deportivas, ya que no solamente nuestra salud corporal se vio afectada, sino tambi\u00e9n mental y en eso, poder realizar estas actividades, ayuda significativamente a todas las alumnas\u201d.<\/p>\n\n\n\n<p>La iniciativa es posible gracias al financiamiento del programa de Promoci\u00f3n de la Salud, dependiente de la secretar\u00eda regional de Salud.<br>Los interesados pueden realizar consultas e inscripciones al correo\u00a0<a href=\"mailto:profesionaldeportes@e-puntaarenas.cl\">profesionaldeportes@e-puntaarenas.cl<\/a>\u00a0o a trav\u00e9s de las redes sociales del Municipio de Punta Arenas.<br>Las actividades y horarios son las siguientes:<\/p>\n\n\n\n<p><\/p>\n\n\n\n<figure class=\"wp-block-table\"><table class=\"\"><tbody><tr><td>Disciplina<\/td><td>Profesor<\/td><td>Participantes<\/td><td>Horarios<\/td><td>Lugar<\/td><\/tr><tr><td>Zumba<\/td><td>Lidia Runil<\/td><td>Adultos, damas y varones<\/td><td>Martes y Jueves, 19 a 21 horas<\/td><td>Archipi\u00e9lago de Chilo\u00e9<\/td><\/tr><tr><td>Ac. F\u00edsico<\/td><td>Cristian Hern\u00e1ndez<\/td><td>Adultos, damas y varones<\/td><td>Lunes 20:45 a 21:45 horas<\/td><td>Capit\u00e1n Guillermos con Avenida Frei<\/td><\/tr><tr><td>&nbsp;<\/td><td>&nbsp;<\/td><td>&nbsp;<\/td><td>Mi\u00e9rcoles 9 a 10 y 20:45 a 21:45 horas<\/td><td>&nbsp;<\/td><\/tr><tr><td>&nbsp;<\/td><td>&nbsp;<\/td><td>&nbsp;<\/td><td>Viernes 20:45 a 21:45 horas<\/td><td>&nbsp;<\/td><\/tr><tr><td>Ac. F\u00edsico<\/td><td>Daniel Hern\u00e1ndez<\/td><td>Adultos, damas y varones<\/td><td>Lunes, Martes, Jueves y Viernes20 a 21 horas<\/td><td>Parque&nbsp; Don Bosco \/ Plaza Esmeralda (Simult\u00e1neo)<\/td><\/tr><tr><td>Esc. Deportiva<\/td><td>Misael Hern\u00e1ndez<\/td><td>Ni\u00f1os y ni\u00f1as (8 a 12 a\u00f1os)<\/td><td>Lunes y Mi\u00e9rcoles18.30 a 20.30 horas<\/td><td>Kuzma Slavic con Bondallaz<\/td><\/tr><tr><td>Tenis<\/td><td>Celso Oyarzo<\/td><td>Ni\u00f1os y ni\u00f1as (7 a 14 a\u00f1os)<\/td><td>Martes y Jueves 11 a 13 horas<\/td><td>Villa Ovejero<\/td><\/tr><tr><td>Esgrima<\/td><td>Marcelo Lorca<\/td><td>Ni\u00f1os y ni\u00f1as (8 a 18 a\u00f1os)<\/td><td>Lunes y Viernes 19.30 a 21.30 horas<\/td><td>Plaza Esmeralda \/Parque Mar\u00eda Behety (Simult\u00e1neo)<\/td><\/tr><tr><td>Esc. Deportiva<\/td><td>Josseline Mu\u00f1oz<\/td><td>Ni\u00f1os y ni\u00f1as (9 a 11 a\u00f1os)<\/td><td>Martes y Jueves 16 a 18 horas<\/td><td>R\u00f3mulo Correa con Av. Espa\u00f1a<\/td><\/tr><tr><td>Basquetbol<\/td><td>Renato torres<\/td><td>Ni\u00f1os y ni\u00f1as (10 a 18 a\u00f1os)<\/td><td>Jueves y Viernes 18.30 a 20.30 horas<\/td><td>Patricio Stambuk (Poblaci\u00f3n Club H\u00edpico)<\/td><\/tr><tr><td>Basquetbol<\/td><td>Danilo Bahamondez<\/td><td>Ni\u00f1os y ni\u00f1as (10 a 18 a\u00f1os)<\/td><td>Martes y Mi\u00e9rcoles 18.30 a 20.30 horas<\/td><td>Patricio Stambuk (Poblaci\u00f3n Club H\u00edpico)<\/td><\/tr><tr><td>Balonmano<\/td><td>Freddy P\u00e9rez<\/td><td>Ni\u00f1os y ni\u00f1as (12 a 18 a\u00f1os)<\/td><td>Martes y Jueves 15 a 17 horas<\/td><td>Manantiales con Av. Costanera<\/td><\/tr><tr><td>Danza<\/td><td>Paz Solar<\/td><td>Todo participante<\/td><td>Lunes, Mi\u00e9rcoles y Viernes 18 a 19.20 horas<\/td><td>En l\u00ednea<\/td><\/tr><tr><td>Karate<\/td><td>Daniel C\u00e1rdenas<\/td><td>Ni\u00f1os y ni\u00f1as 8 a 14 a\u00f1os<\/td><td>Lunes y Mi\u00e9rcoles de 16 a 18 horas<\/td><td>Av. Costanera con Croacia<\/td><\/tr><\/tbody><\/table><\/figure>\n","protected":false},"excerpt":{"rendered":"<p>Durante los meses de febrero y marzo, el Municipio de Punta Arenas, a trav\u00e9s de la Direcci\u00f3n de Desarrollo Comunitario, se encuentra realizando una serie de talleres deportivos al aire&#8230; <a class=\"read-more\" href=\"https:\/\/www.radiopresidenteibanez.cl\/web\/municipio-invita-a-vecinos-a-participar-de-talleres-deportivos-al-aire-libre-en-punta-arenas\/\">Leer m\u00e1s<\/a><\/p>\n","protected":false},"author":2,"featured_media":18522,"comment_status":"closed","ping_status":"closed","sticky":false,"template":"","format":"standard","meta":{"footnotes":""},"categories":[1],"tags":[],"class_list":["post-18521","post","type-post","status-publish","format-standard","has-post-thumbnail","hentry","category-cronica"],"_links":{"self":[{"href":"https:\/\/www.radiopresidenteibanez.cl\/web\/wp-json\/wp\/v2\/posts\/18521","targetHints":{"allow":["GET"]}}],"collection":[{"href":"https:\/\/www.radiopresidenteibanez.cl\/web\/wp-json\/wp\/v2\/posts"}],"about":[{"href":"https:\/\/www.radiopresidenteibanez.cl\/web\/wp-json\/wp\/v2\/types\/post"}],"author":[{"embeddable":true,"href":"https:\/\/www.radiopresidenteibanez.cl\/web\/wp-json\/wp\/v2\/users\/2"}],"replies":[{"embeddable":true,"href":"https:\/\/www.radiopresidenteibanez.cl\/web\/wp-json\/wp\/v2\/comments?post=18521"}],"version-history":[{"count":0,"href":"https:\/\/www.radiopresidenteibanez.cl\/web\/wp-json\/wp\/v2\/posts\/18521\/revisions"}],"wp:featuredmedia":[{"embeddable":true,"href":"https:\/\/www.radiopresidenteibanez.cl\/web\/wp-json\/wp\/v2\/media\/18522"}],"wp:attachment":[{"href":"https:\/\/www.radiopresidenteibanez.cl\/web\/wp-json\/wp\/v2\/media?parent=18521"}],"wp:term":[{"taxonomy":"category","embeddable":true,"href":"https:\/\/www.radiopresidenteibanez.cl\/web\/wp-json\/wp\/v2\/categories?post=18521"},{"taxonomy":"post_tag","embeddable":true,"href":"https:\/\/www.radiopresidenteibanez.cl\/web\/wp-json\/wp\/v2\/tags?post=18521"}],"curies":[{"name":"wp","href":"https:\/\/api.w.org\/{rel}","templated":true}]}}