{"id":1852,"date":"2019-03-05T13:20:58","date_gmt":"2019-03-05T13:20:58","guid":{"rendered":"http:\/\/www.radiopresidenteibanez.cl\/web\/?p=1852"},"modified":"2019-03-05T13:21:36","modified_gmt":"2019-03-05T13:21:36","slug":"el-partido-radical-de-magallanes-y-la-antartica-chilena-informa-a-su-militancia-los-lugares-y-horarios-de-inscripcion-de-candidaturas-para-eleccion-comunal-que-tendra-lugar-el-31-de-marzo-de-2019","status":"publish","type":"post","link":"https:\/\/www.radiopresidenteibanez.cl\/web\/el-partido-radical-de-magallanes-y-la-antartica-chilena-informa-a-su-militancia-los-lugares-y-horarios-de-inscripcion-de-candidaturas-para-eleccion-comunal-que-tendra-lugar-el-31-de-marzo-de-2019\/","title":{"rendered":"EL PARTIDO RADICAL DE MAGALLANES Y LA ANT\u00c1RTICA CHILENA, INFORMA A SU MILITANCIA LOS LUGARES Y HORARIOS DE INSCRIPCI\u00d3N DE CANDIDATURAS PARA ELECCI\u00d3N COMUNAL QUE TENDR\u00c1 LUGAR EL 31 DE MARZO DE 2019"},"content":{"rendered":"\n<p>Porvenir:<\/p>\n\n\n\n<p>\uf0b7 Lugar : sede del Partido Radical<\/p>\n\n\n\n<p>\uf0b7 Direcci\u00f3n : calle Manuel Se\u00f1oret 688<\/p>\n\n\n\n<p>\uf0b7 Fecha : viernes 8 de marzo<\/p>\n\n\n\n<p>\uf0b7 Hora : 16:30 a 20:00 horas.<\/p>\n\n\n\n<p>Puerto Natales:<\/p>\n\n\n\n<p>\uf0b7 Lugar : sede Comunitaria \u00abAlfredo Alderete\u00bb<\/p>\n\n\n\n<p>\uf0b7 Direcci\u00f3n : calle O&#8217;higgins 429.<\/p>\n\n\n\n<p>\uf0b7 Fecha : Jueves 7 de marzo<\/p>\n\n\n\n<p>\uf0b7 Horario : 17:00 a 20:30 horas.<\/p>\n\n\n\n<p>Punta Arenas:<\/p>\n\n\n\n<p>\uf0b7 Lugar : Sede vecinal Mar\u00eda Behety<\/p>\n\n\n\n<p>\uf0b7 Direcci\u00f3n : Cacique Pap\u00f3n No 3472, Poblaci\u00f3n Pedro Aguirre\nCerda,<\/p>\n\n\n\n<p>Fecha : viernes 8 de Marzo<\/p>\n\n\n\n<p>\uf0b7 Horario : 17:00 a 20:00 horas.<\/p>\n","protected":false},"excerpt":{"rendered":"<p>Porvenir: \uf0b7 Lugar : sede del Partido Radical \uf0b7 Direcci\u00f3n : calle Manuel Se\u00f1oret 688 \uf0b7 Fecha : viernes 8 de marzo \uf0b7 Hora : 16:30 a 20:00 horas. Puerto&#8230; <a class=\"read-more\" href=\"https:\/\/www.radiopresidenteibanez.cl\/web\/el-partido-radical-de-magallanes-y-la-antartica-chilena-informa-a-su-militancia-los-lugares-y-horarios-de-inscripcion-de-candidaturas-para-eleccion-comunal-que-tendra-lugar-el-31-de-marzo-de-2019\/\">Leer m\u00e1s<\/a><\/p>\n","protected":false},"author":2,"featured_media":1559,"comment_status":"closed","ping_status":"closed","sticky":false,"template":"","format":"standard","meta":{"footnotes":""},"categories":[5],"tags":[],"class_list":["post-1852","post","type-post","status-publish","format-standard","has-post-thumbnail","hentry","category-politica"],"_links":{"self":[{"href":"https:\/\/www.radiopresidenteibanez.cl\/web\/wp-json\/wp\/v2\/posts\/1852","targetHints":{"allow":["GET"]}}],"collection":[{"href":"https:\/\/www.radiopresidenteibanez.cl\/web\/wp-json\/wp\/v2\/posts"}],"about":[{"href":"https:\/\/www.radiopresidenteibanez.cl\/web\/wp-json\/wp\/v2\/types\/post"}],"author":[{"embeddable":true,"href":"https:\/\/www.radiopresidenteibanez.cl\/web\/wp-json\/wp\/v2\/users\/2"}],"replies":[{"embeddable":true,"href":"https:\/\/www.radiopresidenteibanez.cl\/web\/wp-json\/wp\/v2\/comments?post=1852"}],"version-history":[{"count":0,"href":"https:\/\/www.radiopresidenteibanez.cl\/web\/wp-json\/wp\/v2\/posts\/1852\/revisions"}],"wp:featuredmedia":[{"embeddable":true,"href":"https:\/\/www.radiopresidenteibanez.cl\/web\/wp-json\/wp\/v2\/media\/1559"}],"wp:attachment":[{"href":"https:\/\/www.radiopresidenteibanez.cl\/web\/wp-json\/wp\/v2\/media?parent=1852"}],"wp:term":[{"taxonomy":"category","embeddable":true,"href":"https:\/\/www.radiopresidenteibanez.cl\/web\/wp-json\/wp\/v2\/categories?post=1852"},{"taxonomy":"post_tag","embeddable":true,"href":"https:\/\/www.radiopresidenteibanez.cl\/web\/wp-json\/wp\/v2\/tags?post=1852"}],"curies":[{"name":"wp","href":"https:\/\/api.w.org\/{rel}","templated":true}]}}