{"id":18518,"date":"2021-02-14T02:30:00","date_gmt":"2021-02-14T02:30:00","guid":{"rendered":"https:\/\/www.radiopresidenteibanez.cl\/web\/?p=18518"},"modified":"2021-02-12T20:23:44","modified_gmt":"2021-02-12T20:23:44","slug":"ocho-anos-de-telemedicina-en-magallanes-un-hito-que-se-sigue-fortaleciendo","status":"publish","type":"post","link":"https:\/\/www.radiopresidenteibanez.cl\/web\/ocho-anos-de-telemedicina-en-magallanes-un-hito-que-se-sigue-fortaleciendo\/","title":{"rendered":"OCHO A\u00d1OS DE TELEMEDICINA EN MAGALLANES: UN HITO QUE SE SIGUE FORTALECIENDO"},"content":{"rendered":"\n<p>Desde hace 8 a\u00f1os, la Regi\u00f3n de Magallanes comenz\u00f3 a atender a sus\npacientes a trav\u00e9s de v\u00eda remota, o simplemente telemedicina. Un proceso que\nparti\u00f3 con altas expectativas ya que la regi\u00f3n m\u00e1s austral del pa\u00eds concretaba\nun paso m\u00e1s hacia la tecnolog\u00eda. <\/p>\n\n\n\n<p>Un a\u00f1o despu\u00e9s, la experiencia dio un salto sustantivo, el Servicio de\nSalud Magallanes se convert\u00eda en la segunda instituci\u00f3n que implementaba un\nplan piloto con Telemedicina para Accidentes Cerebrovasculares, proceso que se\ninici\u00f3 con pacientes de Puerto Natales. <\/p>\n\n\n\n<p>Ahora, con la emergencia sanitaria que est\u00e1 atravesando la regi\u00f3n, esta\nmodalidad ha logrado grandes resultados con la atenci\u00f3n de pacientes que,\nprincipalmente se encuentran en los lugares m\u00e1s alejados de la regi\u00f3n. <\/p>\n\n\n\n<p>El doctor Javier Gaete, neur\u00f3logo del Hospital Cl\u00ednico Magallanes\nresalt\u00f3 que, desde abril del a\u00f1o pasado, hasta enero de este a\u00f1o, se han\nrealizado m\u00e1s de 6.200 atenciones a trav\u00e9s de esta v\u00eda. Las especialidades con\nmayor n\u00famero de recepci\u00f3n han sido: Oncolog\u00eda, Policl\u00ednico del Dolor,\nPediatr\u00eda, Neurolog\u00eda Infantil y Adulto, Cardiolog\u00eda, cirug\u00edas y especialidades\nde medicina interna. <\/p>\n\n\n\n<p>\u201cEsta modalidad permite contactar a un paciente que requiere resolver\nuna necesidad de atenci\u00f3n en los distintos \u00e1mbitos, por ejemplo, la Tele ACV\ncon Natales. O de pacientes hospitalizados en la red, que requieren evaluaci\u00f3n\ncon un especialista, permitiendo continuar con los controles de nuestros\npacientes que se atienden en el Consultorio Adosado de Especialidades (CAE)\u201d,\nse\u00f1al\u00f3 el doctor Gaete.<\/p>\n\n\n\n<p>El facultativo precis\u00f3 que este tipo de atenciones (telemedicina),\nest\u00e1n proyectadas a regiones como Magallanes, donde hay grandes distancias o ciudades\nseparadas y donde no siempre est\u00e1 la posibilidad de que una persona tenga\nacceso a atenci\u00f3n con un especialista. <\/p>\n\n\n\n<p>\u201cEsta herramienta fundamental lleg\u00f3 para quedarse, incluso pasada la\npandemia, ese es el objetivo y planificaci\u00f3n del Servicio de Salud Magallanes y\nde nuestra Red Asistencial, que la telemedicina quede disponible para los\nespecialistas de cada hospital y que se pueda atender a todos nuestros usuarios\u201d,\nconcluy\u00f3 el doctor Javier Gaete. <\/p>\n","protected":false},"excerpt":{"rendered":"<p>Desde hace 8 a\u00f1os, la Regi\u00f3n de Magallanes comenz\u00f3 a atender a sus pacientes a trav\u00e9s de v\u00eda remota, o simplemente telemedicina. Un proceso que parti\u00f3 con altas expectativas ya&#8230; <a class=\"read-more\" href=\"https:\/\/www.radiopresidenteibanez.cl\/web\/ocho-anos-de-telemedicina-en-magallanes-un-hito-que-se-sigue-fortaleciendo\/\">Leer m\u00e1s<\/a><\/p>\n","protected":false},"author":2,"featured_media":18519,"comment_status":"closed","ping_status":"closed","sticky":false,"template":"","format":"standard","meta":{"footnotes":""},"categories":[1],"tags":[],"class_list":["post-18518","post","type-post","status-publish","format-standard","has-post-thumbnail","hentry","category-cronica"],"_links":{"self":[{"href":"https:\/\/www.radiopresidenteibanez.cl\/web\/wp-json\/wp\/v2\/posts\/18518","targetHints":{"allow":["GET"]}}],"collection":[{"href":"https:\/\/www.radiopresidenteibanez.cl\/web\/wp-json\/wp\/v2\/posts"}],"about":[{"href":"https:\/\/www.radiopresidenteibanez.cl\/web\/wp-json\/wp\/v2\/types\/post"}],"author":[{"embeddable":true,"href":"https:\/\/www.radiopresidenteibanez.cl\/web\/wp-json\/wp\/v2\/users\/2"}],"replies":[{"embeddable":true,"href":"https:\/\/www.radiopresidenteibanez.cl\/web\/wp-json\/wp\/v2\/comments?post=18518"}],"version-history":[{"count":0,"href":"https:\/\/www.radiopresidenteibanez.cl\/web\/wp-json\/wp\/v2\/posts\/18518\/revisions"}],"wp:featuredmedia":[{"embeddable":true,"href":"https:\/\/www.radiopresidenteibanez.cl\/web\/wp-json\/wp\/v2\/media\/18519"}],"wp:attachment":[{"href":"https:\/\/www.radiopresidenteibanez.cl\/web\/wp-json\/wp\/v2\/media?parent=18518"}],"wp:term":[{"taxonomy":"category","embeddable":true,"href":"https:\/\/www.radiopresidenteibanez.cl\/web\/wp-json\/wp\/v2\/categories?post=18518"},{"taxonomy":"post_tag","embeddable":true,"href":"https:\/\/www.radiopresidenteibanez.cl\/web\/wp-json\/wp\/v2\/tags?post=18518"}],"curies":[{"name":"wp","href":"https:\/\/api.w.org\/{rel}","templated":true}]}}