{"id":18514,"date":"2021-02-13T02:30:00","date_gmt":"2021-02-13T02:30:00","guid":{"rendered":"https:\/\/www.radiopresidenteibanez.cl\/web\/?p=18514"},"modified":"2021-02-12T20:20:41","modified_gmt":"2021-02-12T20:20:41","slug":"presidente-pinera-recibe-vacuna-contra-el-covid-19-me-siento-orgulloso-de-la-forma-en-que-los-chilenos-hemos-enfrentado-con-coraje-con-disciplina-y-con-resiliencia-esta-pandemia","status":"publish","type":"post","link":"https:\/\/www.radiopresidenteibanez.cl\/web\/presidente-pinera-recibe-vacuna-contra-el-covid-19-me-siento-orgulloso-de-la-forma-en-que-los-chilenos-hemos-enfrentado-con-coraje-con-disciplina-y-con-resiliencia-esta-pandemia\/","title":{"rendered":"PRESIDENTE PI\u00d1ERA RECIBE VACUNA CONTRA EL COVID-19: \u201cME SIENTO ORGULLOSO DE LA FORMA EN QUE LOS CHILENOS HEMOS ENFRENTADO CON CORAJE, CON DISCIPLINA Y CON RESILIENCIA ESTA PANDEMIA\u201d"},"content":{"rendered":"\n<p>\n\nEl Presidente de la Rep\u00fablica, Sebasti\u00e1n Pi\u00f1era, recibi\u00f3 este viernes la primera dosis de la vacuna contra el Covid-19 en la comuna de Futrono, Regi\u00f3n de Los R\u00edos.<\/p>\n\n\n\n<p>La vacunaci\u00f3n del Jefe de Estado, con la dosis CoronaVac, del laboratorio Sinovac, se enmarca en el plan determinado por el Ministerio de Salud y que seg\u00fan el calendario oficial, este viernes corresponde a los adultos entre 71 y 72 a\u00f1os.&nbsp;<\/p>\n\n\n\n<p>\u201cVamos a seguir adelante con esta vacunaci\u00f3n masiva. La pr\u00f3xima semana comenzamos con los adultos mayores entre 65 y 70 a\u00f1os, y vamos a seguir hasta llegar a todos y cada uno de nuestros compatriotas. Porque el a\u00f1o 2020 fue un a\u00f1o duro, un a\u00f1o de mucha angustia. Juntos vamos a hacer que el a\u00f1o 2021 sea el a\u00f1o de la esperanza,\u201d, sostuvo el Mandatario.<\/p>\n\n\n\n<p>La primera fase de la vacunaci\u00f3n se inici\u00f3 el 24 de diciembre del a\u00f1o pasado con el personal cr\u00edtico de salud que trabaja en unidades de cuidados intensivos.&nbsp;<\/p>\n\n\n\n<p>El 3 de febrero empez\u00f3 una segunda fase con la vacunaci\u00f3n masiva de la poblaci\u00f3n, que comenz\u00f3 con los adultos mayores de m\u00e1s de 90 a\u00f1os, personal de salud, del Sename, de residencias sanitarias y con residentes de Establecimientos de Larga Estad\u00eda de Adultos Mayores.&nbsp;<\/p>\n\n\n\n<p>Desde entonces, todos los d\u00edas se han agregado nuevos grupos de adultos mayores. Esta semana, se inici\u00f3, adem\u00e1s, la vacunaci\u00f3n del personal con funciones esenciales de atenci\u00f3n directa a la ciudadan\u00eda, de farmacias, laboratorios, fuerzas de orden y seguridad y Fuerzas Armadas, y personal que desarrolla funciones cr\u00edticas del Estado.<\/p>\n\n\n\n<p>Hasta la fecha se han vacunado 1.550.594 personas en nuestro pa\u00eds.<\/p>\n\n\n\n<p>\u201cQuiero decirles a todos mis compatriotas que esta vacuna es segura, es eficaz y hemos hecho un esfuerzo enorme para poder vacunar a todos los chilenos y chilenas\u201d, enfatiz\u00f3 el Jefe de Estado.<\/p>\n\n\n\n<p>La vacunaci\u00f3n masiva comenz\u00f3 tras la llegada al pa\u00eds en enero de casi 4 millones de vacunas del laboratorio Sinovac, las que continuar\u00e1n llegando en las pr\u00f3ximas semanas hasta superar los 10 millones en el primer trimestre.<\/p>\n\n\n\n<p>\u201cQuiero decir, tambi\u00e9n, que la forma en que los chilenos hemos enfrentado esta pandemia es conocida y admirada en el mundo entero y yo me siento orgulloso de la forma en que los chilenos hemos enfrentado con coraje, con disciplina y con resiliencia esta pandemia\u201d, sentenci\u00f3 el Presidente.<\/p>\n\n\n\n<p>El plan del Gobierno es vacunar al grueso de los grupos considerados cr\u00edticos, aproximadamente 5 millones de personas, durante el primer trimestre de 2021, y que el grueso de la poblaci\u00f3n objetivo del pa\u00eds, cerca de 15 millones personas, se vacunen durante el primer semestre.\n\n<\/p>\n","protected":false},"excerpt":{"rendered":"<p>El Presidente de la Rep\u00fablica, Sebasti\u00e1n Pi\u00f1era, recibi\u00f3 este viernes la primera dosis de la vacuna contra el Covid-19 en la comuna de Futrono, Regi\u00f3n de Los R\u00edos. La vacunaci\u00f3n&#8230; <a class=\"read-more\" href=\"https:\/\/www.radiopresidenteibanez.cl\/web\/presidente-pinera-recibe-vacuna-contra-el-covid-19-me-siento-orgulloso-de-la-forma-en-que-los-chilenos-hemos-enfrentado-con-coraje-con-disciplina-y-con-resiliencia-esta-pandemia\/\">Leer m\u00e1s<\/a><\/p>\n","protected":false},"author":2,"featured_media":18515,"comment_status":"closed","ping_status":"closed","sticky":false,"template":"","format":"standard","meta":{"footnotes":""},"categories":[1],"tags":[],"class_list":["post-18514","post","type-post","status-publish","format-standard","has-post-thumbnail","hentry","category-cronica"],"_links":{"self":[{"href":"https:\/\/www.radiopresidenteibanez.cl\/web\/wp-json\/wp\/v2\/posts\/18514","targetHints":{"allow":["GET"]}}],"collection":[{"href":"https:\/\/www.radiopresidenteibanez.cl\/web\/wp-json\/wp\/v2\/posts"}],"about":[{"href":"https:\/\/www.radiopresidenteibanez.cl\/web\/wp-json\/wp\/v2\/types\/post"}],"author":[{"embeddable":true,"href":"https:\/\/www.radiopresidenteibanez.cl\/web\/wp-json\/wp\/v2\/users\/2"}],"replies":[{"embeddable":true,"href":"https:\/\/www.radiopresidenteibanez.cl\/web\/wp-json\/wp\/v2\/comments?post=18514"}],"version-history":[{"count":0,"href":"https:\/\/www.radiopresidenteibanez.cl\/web\/wp-json\/wp\/v2\/posts\/18514\/revisions"}],"wp:featuredmedia":[{"embeddable":true,"href":"https:\/\/www.radiopresidenteibanez.cl\/web\/wp-json\/wp\/v2\/media\/18515"}],"wp:attachment":[{"href":"https:\/\/www.radiopresidenteibanez.cl\/web\/wp-json\/wp\/v2\/media?parent=18514"}],"wp:term":[{"taxonomy":"category","embeddable":true,"href":"https:\/\/www.radiopresidenteibanez.cl\/web\/wp-json\/wp\/v2\/categories?post=18514"},{"taxonomy":"post_tag","embeddable":true,"href":"https:\/\/www.radiopresidenteibanez.cl\/web\/wp-json\/wp\/v2\/tags?post=18514"}],"curies":[{"name":"wp","href":"https:\/\/api.w.org\/{rel}","templated":true}]}}