{"id":18511,"date":"2021-02-13T02:15:00","date_gmt":"2021-02-13T02:15:00","guid":{"rendered":"https:\/\/www.radiopresidenteibanez.cl\/web\/?p=18511"},"modified":"2021-02-12T20:19:12","modified_gmt":"2021-02-12T20:19:12","slug":"serviu-espera-recursos-sectoriales-para-comenzar-mejoramiento-de-edificios-archipielago-de-chiloe","status":"publish","type":"post","link":"https:\/\/www.radiopresidenteibanez.cl\/web\/serviu-espera-recursos-sectoriales-para-comenzar-mejoramiento-de-edificios-archipielago-de-chiloe\/","title":{"rendered":"SERVIU ESPERA RECURSOS SECTORIALES PARA COMENZAR MEJORAMIENTO DE EDIFICIOS ARCHIPI\u00c9LAGO DE CHILO\u00c9"},"content":{"rendered":"\n<p>En un encuentro con representantes de las cuatro copropiedades del condominio social Archipi\u00e9lago de Chilo\u00e9, que est\u00e1n a la espera de una asignaci\u00f3n directa de recursos para el mejoramiento de sus edificios, el director regional de Serviu, Dubalio P\u00e9rez, los puso al tanto del estado en que se encuentra el proyecto que pretende recuperar la techumbre y el revestimiento de los siete block que componen estas copropiedades, en el marco del Programa Mejoramiento de Condominios Sociales del Ministerio de Vivienda y Urbanismo.<\/p>\n\n\n\n<p>El director de Serviu les explic\u00f3 que el proyecto est\u00e1 en revisi\u00f3n t\u00e9cnica y econ\u00f3mica en la Divisi\u00f3n T\u00e9cnica del Ministerio, la que deber\u00e1 emitir un informe de recomendaci\u00f3n, para luego continuar revisiones y a la espera de aprobaciones en las Divisiones de Pol\u00edtica Habitacional y Jur\u00eddica, para que el Ministro Felipe Ward pueda otorgar los recursos\u201d.<\/p>\n\n\n\n<p>\u201cEn la medida en que podamos tener la asignaci\u00f3n directa aprobada, este proyecto, a trav\u00e9s del Programa, viene con un contrato de construcci\u00f3n, por lo que una vez aprobada la asignaci\u00f3n podemos comenzar los trabajos en el mes siguiente, m\u00e1s o menos\u201d, agreg\u00f3 la autoridad de Serviu.<\/p>\n\n\n\n<p>Las agrupaciones que esperan el Mejoramiento de sus copropiedades son \u00ab\u00c1ngel Blanco\u00bb: de 64 departamentos, \u201cNuevo Amanecer\u201d de 32 departamentos, \u00abNuestro Hogar\u00bb de 64 departamentos y \u201cNueva Vida\u201d tambi\u00e9n de 64 departamentos.<\/p>\n\n\n\n<p>MEJORAMIENTO<\/p>\n\n\n\n<p>El proyecto, que beneficiar\u00e1 a 224 familias, considera el mejoramiento t\u00e9rmico en fachada y cambio de cubierta, adem\u00e1s del mejoramiento de \u00e1reas comunes interiores y exteriores de los edificios, como instalaci\u00f3n de iluminaci\u00f3n en interior de los edificios y en el exterior, reparaci\u00f3n de cierros, instalaci\u00f3n de sistemas de seguridad y cit\u00f3fonos, veredas y estacionamientos. Asimismo, se contempla la construcci\u00f3n de Dren y muros de contenci\u00f3n, en los sectores que se requiere esta mejora para evitar el empozamiento de aguas.<\/p>\n\n\n\n<p>Bernardita Guti\u00e9rrez, representante de la agrupaci\u00f3n manifest\u00f3 que \u201cel proyecto en s\u00ed, nos mejorar\u00e1 la calidad de vida, yo creo que hasta en un 90%, llevamos dos a\u00f1os trabajando con Serviu y esperamos pueda salir pronto la asignaci\u00f3n, para que empiecen los trabajos\u201d.<\/p>\n\n\n\n<p>La inversi\u00f3n del MINVU implicar\u00eda m\u00e1s de 1400 millones de pesos, m\u00e1s el aporte que realizar\u00e1 la Municipalidad de Punta Arenas, correspondiente al ahorro de 1 UF que deben disponer cada familia beneficiada, seg\u00fan la normativa del Programa de Condominios Sociales.<\/p>\n\n\n\n<p>Este Programa del MINVU ha intervenido en los edificios de Archipi\u00e9lago de Chilo\u00e9 desde el a\u00f1o 2014, con la recuperaci\u00f3n de los dos primeros block, desde Manuel Rodr\u00edguez hacia Mart\u00ednez de Aldunate. En 2016 se trabaj\u00f3 en la recuperaci\u00f3n de los cuatro edificios siguientes, intervenciones que fueron demanda de las copropiedades, que postularon al Programa para mejorar las \u00e1reas comunes de los edificios. En este Programa, adem\u00e1s del mejoramiento f\u00edsico de los condominios, los vecinos participan de un proceso social tendiente a organizar la vida en comunidad y a formalizar la copropiedad.<\/p>\n","protected":false},"excerpt":{"rendered":"<p>En un encuentro con representantes de las cuatro copropiedades del condominio social Archipi\u00e9lago de Chilo\u00e9, que est\u00e1n a la espera de una asignaci\u00f3n directa de recursos para el mejoramiento de&#8230; <a class=\"read-more\" href=\"https:\/\/www.radiopresidenteibanez.cl\/web\/serviu-espera-recursos-sectoriales-para-comenzar-mejoramiento-de-edificios-archipielago-de-chiloe\/\">Leer m\u00e1s<\/a><\/p>\n","protected":false},"author":2,"featured_media":18512,"comment_status":"closed","ping_status":"closed","sticky":false,"template":"","format":"standard","meta":{"footnotes":""},"categories":[1],"tags":[],"class_list":["post-18511","post","type-post","status-publish","format-standard","has-post-thumbnail","hentry","category-cronica"],"_links":{"self":[{"href":"https:\/\/www.radiopresidenteibanez.cl\/web\/wp-json\/wp\/v2\/posts\/18511","targetHints":{"allow":["GET"]}}],"collection":[{"href":"https:\/\/www.radiopresidenteibanez.cl\/web\/wp-json\/wp\/v2\/posts"}],"about":[{"href":"https:\/\/www.radiopresidenteibanez.cl\/web\/wp-json\/wp\/v2\/types\/post"}],"author":[{"embeddable":true,"href":"https:\/\/www.radiopresidenteibanez.cl\/web\/wp-json\/wp\/v2\/users\/2"}],"replies":[{"embeddable":true,"href":"https:\/\/www.radiopresidenteibanez.cl\/web\/wp-json\/wp\/v2\/comments?post=18511"}],"version-history":[{"count":0,"href":"https:\/\/www.radiopresidenteibanez.cl\/web\/wp-json\/wp\/v2\/posts\/18511\/revisions"}],"wp:featuredmedia":[{"embeddable":true,"href":"https:\/\/www.radiopresidenteibanez.cl\/web\/wp-json\/wp\/v2\/media\/18512"}],"wp:attachment":[{"href":"https:\/\/www.radiopresidenteibanez.cl\/web\/wp-json\/wp\/v2\/media?parent=18511"}],"wp:term":[{"taxonomy":"category","embeddable":true,"href":"https:\/\/www.radiopresidenteibanez.cl\/web\/wp-json\/wp\/v2\/categories?post=18511"},{"taxonomy":"post_tag","embeddable":true,"href":"https:\/\/www.radiopresidenteibanez.cl\/web\/wp-json\/wp\/v2\/tags?post=18511"}],"curies":[{"name":"wp","href":"https:\/\/api.w.org\/{rel}","templated":true}]}}