{"id":18508,"date":"2021-02-14T02:15:00","date_gmt":"2021-02-14T02:15:00","guid":{"rendered":"https:\/\/www.radiopresidenteibanez.cl\/web\/?p=18508"},"modified":"2021-02-12T20:16:06","modified_gmt":"2021-02-12T20:16:06","slug":"licitacion-5g-se-define-ganador-por-banda-aws","status":"publish","type":"post","link":"https:\/\/www.radiopresidenteibanez.cl\/web\/licitacion-5g-se-define-ganador-por-banda-aws\/","title":{"rendered":"LICITACI\u00d3N 5G: SE DEFINE GANADOR POR BANDA AWS"},"content":{"rendered":"\n<p>La Subsecretar\u00eda de Telecomunicaciones (SUBTEL) inform\u00f3 que la empresa Wom gan\u00f3 el bloque de 30 MHz de la banda de AWS, pues present\u00f3 la oferta econ\u00f3mica m\u00e1s alta, cuyo monto asciende a unos 16.258<em>\u00a0<\/em>millones de pesos (unos USD 22,3 millones), lo que le permiti\u00f3 superar a Borealnet y Claro<em>\u00a0<\/em>en la licitaci\u00f3n de desempate realizada esta ma\u00f1ana. Esto, luego que estas empresas tuvieran un empate t\u00e9cnico en primera instancia.<\/p>\n\n\n\n<p>De esta manera, este Concurso P\u00fablico considera 300% m\u00e1s de contribuci\u00f3n por MHz a las arcas fiscales versus el Concurso P\u00fablico de la banda AWS realizado en 2009. Por su parte, la empresa Wom al ser la ganadora deber\u00e1 cumplir con el 90% porcentaje de cobertura en el pa\u00eds, de acuerdo a lo informado en el proyecto t\u00e9cnico ingresado para participar en esta licitaci\u00f3n.<\/p>\n\n\n\n<p>\u201cEs relevante el inter\u00e9s que estamos viendo en las licitaciones de desempate del Concurso P\u00fablico 5G, el cual habla del gran atractivo que tiene el sector de telecomunicaciones chileno. El entusiasmo que han demostrado las empresas, sin duda, se traducir\u00e1 en beneficios de conectividad para todos los usuarios del pa\u00eds una vez que la nueva red est\u00e9 implementada\u201d, se\u00f1al\u00f3 la Ministra de Transportes y Telecomunicaciones, Gloria Hutt.<\/p>\n\n\n\n<p>En tanto, la Subsecretaria de Telecomunicaciones, Pamela Gidi, dijo que \u201cseguimos avanzando en este proceso, del cual solo resta una licitaci\u00f3n de desempate, y que en materia de aporte al Fisco, ya se ha superado lo que hist\u00f3ricamente ha recaudado el Estado por concepto de concesi\u00f3n de espectro radioel\u00e9ctrico para telefon\u00eda m\u00f3vil. Esto es una buena noticia para las arcas fiscales, el desarrollo del sector y para todos los usuarios que podr\u00e1n acceder en cualquier parte del pa\u00eds a la red 5G\u201d.<\/p>\n\n\n\n<p>Tras la resoluci\u00f3n del Concurso P\u00fablico por el bloque de 30 MHz de la banda AWS, la cual se suma a la ya adjudicaci\u00f3n de la banda de 700 MHz y 26 GHz,&nbsp; solo faltar\u00eda resolver en los pr\u00f3ximos d\u00edas la licitaci\u00f3n de desempate por el bloque de las banda de 3.5 GHz (martes, 16 de febrero).<\/p>\n\n\n\n<p><strong>Concurso P\u00fablico 5G<\/strong><\/p>\n\n\n\n<p>Como parte de las contraprestaciones sociales que tendr\u00e1n las empresas que se adjudiquen la licitaci\u00f3n del Concurso P\u00fablico 5G, 366 localidades ser\u00e1n beneficiadas por primera vez con Internet m\u00f3vil de alta velocidad y 199 hospitales estar\u00e1n conectados a la nueva red. Adicionalmente, se ver\u00e1n beneficiados aeropuertos, carreteras y puertos, entre otros.<\/p>\n","protected":false},"excerpt":{"rendered":"<p>La Subsecretar\u00eda de Telecomunicaciones (SUBTEL) inform\u00f3 que la empresa Wom gan\u00f3 el bloque de 30 MHz de la banda de AWS, pues present\u00f3 la oferta econ\u00f3mica m\u00e1s alta, cuyo monto&#8230; <a class=\"read-more\" href=\"https:\/\/www.radiopresidenteibanez.cl\/web\/licitacion-5g-se-define-ganador-por-banda-aws\/\">Leer m\u00e1s<\/a><\/p>\n","protected":false},"author":2,"featured_media":18509,"comment_status":"closed","ping_status":"closed","sticky":false,"template":"","format":"standard","meta":{"footnotes":""},"categories":[1],"tags":[],"class_list":["post-18508","post","type-post","status-publish","format-standard","has-post-thumbnail","hentry","category-cronica"],"_links":{"self":[{"href":"https:\/\/www.radiopresidenteibanez.cl\/web\/wp-json\/wp\/v2\/posts\/18508","targetHints":{"allow":["GET"]}}],"collection":[{"href":"https:\/\/www.radiopresidenteibanez.cl\/web\/wp-json\/wp\/v2\/posts"}],"about":[{"href":"https:\/\/www.radiopresidenteibanez.cl\/web\/wp-json\/wp\/v2\/types\/post"}],"author":[{"embeddable":true,"href":"https:\/\/www.radiopresidenteibanez.cl\/web\/wp-json\/wp\/v2\/users\/2"}],"replies":[{"embeddable":true,"href":"https:\/\/www.radiopresidenteibanez.cl\/web\/wp-json\/wp\/v2\/comments?post=18508"}],"version-history":[{"count":0,"href":"https:\/\/www.radiopresidenteibanez.cl\/web\/wp-json\/wp\/v2\/posts\/18508\/revisions"}],"wp:featuredmedia":[{"embeddable":true,"href":"https:\/\/www.radiopresidenteibanez.cl\/web\/wp-json\/wp\/v2\/media\/18509"}],"wp:attachment":[{"href":"https:\/\/www.radiopresidenteibanez.cl\/web\/wp-json\/wp\/v2\/media?parent=18508"}],"wp:term":[{"taxonomy":"category","embeddable":true,"href":"https:\/\/www.radiopresidenteibanez.cl\/web\/wp-json\/wp\/v2\/categories?post=18508"},{"taxonomy":"post_tag","embeddable":true,"href":"https:\/\/www.radiopresidenteibanez.cl\/web\/wp-json\/wp\/v2\/tags?post=18508"}],"curies":[{"name":"wp","href":"https:\/\/api.w.org\/{rel}","templated":true}]}}