{"id":1849,"date":"2019-03-05T13:16:22","date_gmt":"2019-03-05T13:16:22","guid":{"rendered":"http:\/\/www.radiopresidenteibanez.cl\/web\/?p=1849"},"modified":"2019-03-05T13:16:41","modified_gmt":"2019-03-05T13:16:41","slug":"conmemoracion-dia-internacional-de-la-mujer-magallanes-2019","status":"publish","type":"post","link":"https:\/\/www.radiopresidenteibanez.cl\/web\/conmemoracion-dia-internacional-de-la-mujer-magallanes-2019\/","title":{"rendered":"CONMEMORACI\u00d3N D\u00cdA INTERNACIONAL DE LA MUJER, MAGALLANES 2019"},"content":{"rendered":"\n<p>La conmemoraci\u00f3n del d\u00eda intencional de la mujer en la regi\u00f3n de Magallanes, es uno de los hitos de promoci\u00f3n de la actividad f\u00edsica y el deporte, m\u00e1s relevantes dentro de la programaci\u00f3n anual y la promoci\u00f3n de la actividad f\u00edsica y el deporte. En este punto se ha realizado tradicionalmente una noche de zumba o tambi\u00e9n conocida como \u201c Master Class\u201d que este a\u00f1o tiene como objetivo reunir por sesi\u00f3n a al menos 300 personas, entendiendo tambi\u00e9n, que la poblaci\u00f3n objetivo son nuestras mujeres, sin ser excluyentes, tanto por g\u00e9nero o edad.<\/p>\n\n\n\n<p>El evento tiene una programaci\u00f3n de 2 horas en las cuales de desarrollaran las disciplinas de zumba y baile entretenido a cargo del instructor Pablo Vargas, conocido y afamado a nivel nacional, por su trayectoria de bailar\u00edn en televisi\u00f3n en el programa \u201cRojo fama contra fama\u201d, adem\u00e1s de instructores locales, que son parte del staff de recurso humano del sub componente, Mujer y Deportes.<\/p>\n\n\n\n<p>Durante el evento a cada asistente se le har\u00e1 entrega de una polera alusiva al evento, de color amarillo fluor, en tela dry fit, adem\u00e1s de hidrataci\u00f3n y colaciones saludables, del tipo fruta.<\/p>\n\n\n\n<p>En la regi\u00f3n de Magallanes se pretende llevar este evento a las comunas m\u00e1s importantes, teniendo en cuenta la densidad poblacional, las cuales son Natales, Porvenir y Punta Arenas, a continuaci\u00f3n el detalle especifico de las fechas y hora de cada evento.<\/p>\n\n\n\n<ol class=\"wp-block-list\"><li>Punta Arenas:<\/li><\/ol>\n\n\n\n<ul class=\"wp-block-list\"><li>Fecha: 07-03-2019.<\/li><li>Lugar de ejecuci\u00f3n: Gimnasio fiscal de punta arenas, cancha principal.<\/li><li>Hora: 19:00 a 21:00 horas.<\/li><li>800 poleras a las primeras personas en llegar<\/li><\/ul>\n\n\n\n<ol class=\"wp-block-list\"><li>Natales:<\/li><\/ol>\n\n\n\n<ul class=\"wp-block-list\"><li>Fecha: 08-03-2019.<\/li><li>Lugar de ejecuci\u00f3n: Polideportivo Puerto Natales.<\/li><li>Hora: 19:00 a 21:00.<\/li><li>500 poleras a las primeras personas en llegar<\/li><\/ul>\n\n\n\n<ol class=\"wp-block-list\"><li>Porvenir:<\/li><\/ol>\n\n\n\n<ul class=\"wp-block-list\"><li>Fecha: 09-03-2019.<\/li><li>Lugar de ejecuci\u00f3n: Liceo Hernando De Magallanes, gimnasio.<\/li><li>Hora: 19:00 a 21:00.<\/li><li>300 poleras a las primeras personas en llegar<\/li><\/ul>\n","protected":false},"excerpt":{"rendered":"<p>La conmemoraci\u00f3n del d\u00eda intencional de la mujer en la regi\u00f3n de Magallanes, es uno de los hitos de promoci\u00f3n de la actividad f\u00edsica y el deporte, m\u00e1s relevantes dentro&#8230; <a class=\"read-more\" href=\"https:\/\/www.radiopresidenteibanez.cl\/web\/conmemoracion-dia-internacional-de-la-mujer-magallanes-2019\/\">Leer m\u00e1s<\/a><\/p>\n","protected":false},"author":2,"featured_media":1850,"comment_status":"closed","ping_status":"closed","sticky":false,"template":"","format":"standard","meta":{"footnotes":""},"categories":[1,3],"tags":[],"class_list":["post-1849","post","type-post","status-publish","format-standard","has-post-thumbnail","hentry","category-cronica","category-deportes"],"_links":{"self":[{"href":"https:\/\/www.radiopresidenteibanez.cl\/web\/wp-json\/wp\/v2\/posts\/1849","targetHints":{"allow":["GET"]}}],"collection":[{"href":"https:\/\/www.radiopresidenteibanez.cl\/web\/wp-json\/wp\/v2\/posts"}],"about":[{"href":"https:\/\/www.radiopresidenteibanez.cl\/web\/wp-json\/wp\/v2\/types\/post"}],"author":[{"embeddable":true,"href":"https:\/\/www.radiopresidenteibanez.cl\/web\/wp-json\/wp\/v2\/users\/2"}],"replies":[{"embeddable":true,"href":"https:\/\/www.radiopresidenteibanez.cl\/web\/wp-json\/wp\/v2\/comments?post=1849"}],"version-history":[{"count":0,"href":"https:\/\/www.radiopresidenteibanez.cl\/web\/wp-json\/wp\/v2\/posts\/1849\/revisions"}],"wp:featuredmedia":[{"embeddable":true,"href":"https:\/\/www.radiopresidenteibanez.cl\/web\/wp-json\/wp\/v2\/media\/1850"}],"wp:attachment":[{"href":"https:\/\/www.radiopresidenteibanez.cl\/web\/wp-json\/wp\/v2\/media?parent=1849"}],"wp:term":[{"taxonomy":"category","embeddable":true,"href":"https:\/\/www.radiopresidenteibanez.cl\/web\/wp-json\/wp\/v2\/categories?post=1849"},{"taxonomy":"post_tag","embeddable":true,"href":"https:\/\/www.radiopresidenteibanez.cl\/web\/wp-json\/wp\/v2\/tags?post=1849"}],"curies":[{"name":"wp","href":"https:\/\/api.w.org\/{rel}","templated":true}]}}