{"id":18480,"date":"2021-02-11T13:30:55","date_gmt":"2021-02-11T13:30:55","guid":{"rendered":"https:\/\/www.radiopresidenteibanez.cl\/web\/?p=18480"},"modified":"2021-02-11T13:31:00","modified_gmt":"2021-02-11T13:31:00","slug":"colegio-de-trabajadores-sociales-magallanes-el-respeto-a-la-vida-a-la-interculturalidad-y-a-medidas-humanitarias","status":"publish","type":"post","link":"https:\/\/www.radiopresidenteibanez.cl\/web\/colegio-de-trabajadores-sociales-magallanes-el-respeto-a-la-vida-a-la-interculturalidad-y-a-medidas-humanitarias\/","title":{"rendered":"COLEGIO DE TRABAJADORES SOCIALES MAGALLANES \u201cEl respeto a la vida, a la interculturalidad y a medidas humanitarias\u201d"},"content":{"rendered":"\n<p>Dada la crisis social y pol\u00edtica que vive el pa\u00eds internamente y tambi\u00e9n en las fronteras de nuestro territorio, el Colegio de Trabajadores Sociales de Magallanes, indica la falta de medidas acertadas y humanitarias para abordar los fen\u00f3menos de violencia desmedida, &nbsp;y la expulsi\u00f3n de migrantes, las &nbsp;que afectan la dignidad e integridad de las personas.<\/p>\n\n\n\n<p>El Estado de Chile debe tener un rol protector y garante para sus conciudadanos, por consiguiente, el Gobierno debe garantizar derechos y libertades fundamentales, por lo que solicitamos el respeto a la vida y un debido proceso, para esclarecer los diversos asesinatos que han ocurrido en estas \u00faltimas semanas, y que han afectado gravemente a chilenas y chilenos, &nbsp;as\u00ed como profundizar acciones que contribuyan a la protecci\u00f3n de ni\u00f1os, ni\u00f1as, y mujeres v\u00edctimas de violencia de g\u00e9nero y maltrato, promoviendo una cultura sin violencia.<\/p>\n\n\n\n<p>La expulsi\u00f3n de personas migrante devela malas pr\u00e1cticas de discriminaci\u00f3n del Estado Chileno, las que rechazamos, y hacemos un llamado a las autoridades a que se dicte con urgencia una nueva legislaci\u00f3n migratorio para el pa\u00eds, y se establezcan medidas humanitarias para aquellas personas que se ven obligadas a emigrar, dadas las crisis en sus pa\u00edses de origen, en consecuencia, Chile debe respetar la Convenci\u00f3n de los Derechos Humanos, y cada uno de los Tratados Internacionales en materia de migraci\u00f3n.<\/p>\n\n\n\n<p>Finalmente, &nbsp;los profesionales del Trabajo Social solicitamos se establezcan medidas de alto nivel diplom\u00e1tico para abordar el fen\u00f3meno migratorio, coordinar acciones de cuidado y protecci\u00f3n en los pueblos fronterizos, abordando de forma certera el fen\u00f3meno de la violencia, interculturalidad, &nbsp;y requerimiento de refugio que viven los extranjeros que tocan territorio nacional, y no desarrollar gestiones &nbsp;que contengan o abran paso a la afectaci\u00f3n de la dignificad o discriminaci\u00f3n de las personas, como a sido la exposici\u00f3n a condiciones inhumanas y expulsiones masivas, o limitar la vacunaci\u00f3n a un segmento de la poblaci\u00f3n por el s\u00f3lo hecho de no estar regular en el pa\u00eds, en tanto, el plan de vacunaci\u00f3n contra el covid-19 debe responder a una pol\u00edtica p\u00fablica universal, sin distinci\u00f3n de acceso o limitaci\u00f3n por la condici\u00f3n socioecon\u00f3mica o de nacionalidad.<\/p>\n\n\n\n<p><strong>DIRECTIVA \u2013 COLEGIO TRABAJADORES SOCIALES MAGALLANES AG<\/strong><\/p>\n","protected":false},"excerpt":{"rendered":"<p>Dada la crisis social y pol\u00edtica que vive el pa\u00eds internamente y tambi\u00e9n en las fronteras de nuestro territorio, el Colegio de Trabajadores Sociales de Magallanes, indica la falta de&#8230; <a class=\"read-more\" href=\"https:\/\/www.radiopresidenteibanez.cl\/web\/colegio-de-trabajadores-sociales-magallanes-el-respeto-a-la-vida-a-la-interculturalidad-y-a-medidas-humanitarias\/\">Leer m\u00e1s<\/a><\/p>\n","protected":false},"author":2,"featured_media":740,"comment_status":"closed","ping_status":"closed","sticky":false,"template":"","format":"standard","meta":{"footnotes":""},"categories":[1],"tags":[],"class_list":["post-18480","post","type-post","status-publish","format-standard","has-post-thumbnail","hentry","category-cronica"],"_links":{"self":[{"href":"https:\/\/www.radiopresidenteibanez.cl\/web\/wp-json\/wp\/v2\/posts\/18480","targetHints":{"allow":["GET"]}}],"collection":[{"href":"https:\/\/www.radiopresidenteibanez.cl\/web\/wp-json\/wp\/v2\/posts"}],"about":[{"href":"https:\/\/www.radiopresidenteibanez.cl\/web\/wp-json\/wp\/v2\/types\/post"}],"author":[{"embeddable":true,"href":"https:\/\/www.radiopresidenteibanez.cl\/web\/wp-json\/wp\/v2\/users\/2"}],"replies":[{"embeddable":true,"href":"https:\/\/www.radiopresidenteibanez.cl\/web\/wp-json\/wp\/v2\/comments?post=18480"}],"version-history":[{"count":0,"href":"https:\/\/www.radiopresidenteibanez.cl\/web\/wp-json\/wp\/v2\/posts\/18480\/revisions"}],"wp:featuredmedia":[{"embeddable":true,"href":"https:\/\/www.radiopresidenteibanez.cl\/web\/wp-json\/wp\/v2\/media\/740"}],"wp:attachment":[{"href":"https:\/\/www.radiopresidenteibanez.cl\/web\/wp-json\/wp\/v2\/media?parent=18480"}],"wp:term":[{"taxonomy":"category","embeddable":true,"href":"https:\/\/www.radiopresidenteibanez.cl\/web\/wp-json\/wp\/v2\/categories?post=18480"},{"taxonomy":"post_tag","embeddable":true,"href":"https:\/\/www.radiopresidenteibanez.cl\/web\/wp-json\/wp\/v2\/tags?post=18480"}],"curies":[{"name":"wp","href":"https:\/\/api.w.org\/{rel}","templated":true}]}}