{"id":18474,"date":"2021-02-11T13:23:55","date_gmt":"2021-02-11T13:23:55","guid":{"rendered":"https:\/\/www.radiopresidenteibanez.cl\/web\/?p=18474"},"modified":"2021-02-11T13:24:01","modified_gmt":"2021-02-11T13:24:01","slug":"explora-lanzara-cuento-para-ninos-y-ninas-esta-semana","status":"publish","type":"post","link":"https:\/\/www.radiopresidenteibanez.cl\/web\/explora-lanzara-cuento-para-ninos-y-ninas-esta-semana\/","title":{"rendered":"EXPLORA LANZAR\u00c1 CUENTO PARA NI\u00d1OS Y NI\u00d1AS ESTA SEMANA"},"content":{"rendered":"\n<p>Este jueves 11 de febrero, el PAR Explora\nMagallanes realizar\u00e1 al mediod\u00eda el lanzamiento oficial de su nuevo producto de\ndivulgaci\u00f3n cient\u00edfica, a trav\u00e9s de sus redes sociales. Se trata del cuento\n\u201cCharly y el ROV\u201d, que en sus tres tomos narra la historia de una curiosa ni\u00f1a,\nCharly, quien se convierte en una destacada cient\u00edfica que se alista para su\nprimera expedici\u00f3n a la Ant\u00e1rtica. <\/p>\n\n\n\n<p>La historia fue creada por la Educadora\nDiferencial, Jessica Carrasco, implementada por el PAR Explora Magallanes -perteneciente\nal Ministerio de Ciencia, Tecnolog\u00eda, Conocimiento e Innovaci\u00f3n- y ejecutado por\nla Universidad de Magallanes. Tambi\u00e9n se hizo parte de todo el proceso Oceana\nChile, y en el primer tomo el Instituto Ant\u00e1rtico Chileno. <\/p>\n\n\n\n<p>El cuento estar\u00e1 disponible en formato impreso,\ndigital, y audiolibro. Adem\u00e1s, incluye actividades did\u00e1cticas y con traducci\u00f3n\nal ingl\u00e9s, por lo que no solo es un material l\u00fadico sino tambi\u00e9n did\u00e1ctico para\nla transferencia tecnol\u00f3gica en la infancia. <\/p>\n\n\n\n<p>\u201cQuer\u00edamos llegar a la educaci\u00f3n parvularia, a\nlas educadoras y t\u00e9cnicas, a los padres, y por supuesto a las y los m\u00e1s\npeque\u00f1os, a trav\u00e9s de una entretenida historia, que mezclara aventura y\nciencia. Sabemos que esto puede ser una muy buena herramienta en el aula, y qu\u00e9\nmejor manera de acercar la ciencia y la tecnolog\u00eda que con un cuento para ellos\ny ellas\u201d, explic\u00f3 Claudia Salinas, directora del PAR Explora Magallanes. <\/p>\n\n\n\n<p>Por su parte el encargado de la iniciativa\n\u201cMini Rob\u00f3tica Submarina\u201d a la que tributa este cuento, Dr. Am\u00e9rico Montiel, asegur\u00f3\nque la historia de Charly es muy similar a lo que la mayor\u00eda de cient\u00edficos y\ncient\u00edficas vive. <\/p>\n\n\n\n<p>\u201cLes ser\u00e1 familiar muchas de las cosas por las\nque pasa Charly, y la gente que no est\u00e9 relacionada con este ambiente\ncient\u00edfico ver\u00e1 c\u00f3mo estas expediciones cambian la vida de las personas y que\nson fruto de mucho trabajo, lo que generar\u00e1 empat\u00eda en muchas personas. Adem\u00e1s,\nel uso de la tecnolog\u00eda nos acerca al mundo que creemos entender, pero solo\nsabemos lo superficial. Esto genera curiosidad en la comunidad.\u201d<\/p>\n\n\n\n<p>Para el acad\u00e9mico de la Universidad de\nMagallanes fue su primera experiencia relacionando la rob\u00f3tica submarina en un\ncuento para ni\u00f1os y ni\u00f1as. \u201cSe aprende mucho y de forma transdisciplinaria.\nComo cient\u00edfico uno siempre est\u00e1 aprendiendo\u201d, coment\u00f3. <\/p>\n\n\n\n<p>La actividad se realizar\u00e1 conmemorando el \u201cD\u00eda\nInternacional de la Mujer y la Ni\u00f1a en la Ciencia\u201d, buscando con ello visibilizar\nlo planteado por la Unesco para proclamar este d\u00eda en el 2015, y que ten\u00eda\nrelaci\u00f3n con lograr el acceso y participaci\u00f3n plena y equitativa de ni\u00f1as y\nmujeres, adem\u00e1s de lograr la igualdad de g\u00e9nero y el empoderamiento de ellas. <\/p>\n\n\n\n<p>El cuento en digital estar\u00e1 disponible para su\ndescarga en la p\u00e1gina web del PAR Explora Magallanes (<a href=\"http:\/\/www.explora.cl\/magallanes\">www.explora.cl\/magallanes<\/a>), y el audiolibro en la cuenta de\nSpotify. En cuanto al libro en f\u00edsico, este ser\u00e1 entregado durante las pr\u00f3ximas\nsemanas a los establecimientos educacionales de toda la regi\u00f3n. <\/p>\n","protected":false},"excerpt":{"rendered":"<p>Este jueves 11 de febrero, el PAR Explora Magallanes realizar\u00e1 al mediod\u00eda el lanzamiento oficial de su nuevo producto de divulgaci\u00f3n cient\u00edfica, a trav\u00e9s de sus redes sociales. Se trata&#8230; <a class=\"read-more\" href=\"https:\/\/www.radiopresidenteibanez.cl\/web\/explora-lanzara-cuento-para-ninos-y-ninas-esta-semana\/\">Leer m\u00e1s<\/a><\/p>\n","protected":false},"author":2,"featured_media":18475,"comment_status":"closed","ping_status":"closed","sticky":false,"template":"","format":"standard","meta":{"footnotes":""},"categories":[1],"tags":[],"class_list":["post-18474","post","type-post","status-publish","format-standard","has-post-thumbnail","hentry","category-cronica"],"_links":{"self":[{"href":"https:\/\/www.radiopresidenteibanez.cl\/web\/wp-json\/wp\/v2\/posts\/18474","targetHints":{"allow":["GET"]}}],"collection":[{"href":"https:\/\/www.radiopresidenteibanez.cl\/web\/wp-json\/wp\/v2\/posts"}],"about":[{"href":"https:\/\/www.radiopresidenteibanez.cl\/web\/wp-json\/wp\/v2\/types\/post"}],"author":[{"embeddable":true,"href":"https:\/\/www.radiopresidenteibanez.cl\/web\/wp-json\/wp\/v2\/users\/2"}],"replies":[{"embeddable":true,"href":"https:\/\/www.radiopresidenteibanez.cl\/web\/wp-json\/wp\/v2\/comments?post=18474"}],"version-history":[{"count":0,"href":"https:\/\/www.radiopresidenteibanez.cl\/web\/wp-json\/wp\/v2\/posts\/18474\/revisions"}],"wp:featuredmedia":[{"embeddable":true,"href":"https:\/\/www.radiopresidenteibanez.cl\/web\/wp-json\/wp\/v2\/media\/18475"}],"wp:attachment":[{"href":"https:\/\/www.radiopresidenteibanez.cl\/web\/wp-json\/wp\/v2\/media?parent=18474"}],"wp:term":[{"taxonomy":"category","embeddable":true,"href":"https:\/\/www.radiopresidenteibanez.cl\/web\/wp-json\/wp\/v2\/categories?post=18474"},{"taxonomy":"post_tag","embeddable":true,"href":"https:\/\/www.radiopresidenteibanez.cl\/web\/wp-json\/wp\/v2\/tags?post=18474"}],"curies":[{"name":"wp","href":"https:\/\/api.w.org\/{rel}","templated":true}]}}