{"id":18471,"date":"2021-02-11T13:21:47","date_gmt":"2021-02-11T13:21:47","guid":{"rendered":"https:\/\/www.radiopresidenteibanez.cl\/web\/?p=18471"},"modified":"2021-02-11T13:21:53","modified_gmt":"2021-02-11T13:21:53","slug":"opd-provincial-trabajando-en-la-difusion-de-los-derechos-de-ninos-ninas-y-adolescentes","status":"publish","type":"post","link":"https:\/\/www.radiopresidenteibanez.cl\/web\/opd-provincial-trabajando-en-la-difusion-de-los-derechos-de-ninos-ninas-y-adolescentes\/","title":{"rendered":"OPD PROVINCIAL TRABAJANDO EN LA DIFUSI\u00d3N DE LOS DERECHOS DE NI\u00d1OS, NI\u00d1AS Y ADOLESCENTES"},"content":{"rendered":"\n<p>Con el fin de sensibilizar a la comunidad sobre los\nderechos que tienen los ni\u00f1os, ni\u00f1as y adolescentes (NNA) es que los\nprofesionales de la Oficina de Protecci\u00f3n de Derechos de la Infancia y\nAdolescencia (OPD) de la provincia de Magallanes, han reforzado los canales de\ncomunicaci\u00f3n disponibles para informar acerca de su quehacer con el fin \u00faltimo\nde proteger la infancia en todos sus aspectos.<\/p>\n\n\n\n<p>El gobernador provincial de Magallanes, Alejandro\nV\u00e1squez Servieri, destaca el trabajo que realiza la OPD, pero sobre todo el que\nha tenido lugar desde que se declar\u00f3 la pandemia: \u201clos profesionales han\nrealizado un muy buen trabajo, y su compromiso les ha llevado a idear formas de\nllegar a la comunidad con el mensaje que necesitan NNA, poniendo en valor la\nposibilidad y el derecho que tiene cada persona de tener oportunidades de\ncrecimiento personal, acad\u00e9mico y m\u00e1s adelante, laboral\u201d<\/p>\n\n\n\n<p>Se trata de destacar y fortalecer las instancias\nque releven la importancia de entregar espacios a NNA, como por ejemplo formar\nparte de la campa\u00f1a del 11 de febrero por el d\u00eda de \u201cLa ni\u00f1a en la ciencia\u201d.\nInstancia que destaca a la ciencia y los desaf\u00edos actuales, como la pandemia\nque estamos viviendo, la aplicaci\u00f3n y creaci\u00f3n de tecnolog\u00eda, la energ\u00eda y en\ntodas estas necesidades, la importancia que pueden tener las ni\u00f1as del mundo,\ndescartando la desigualdad y prejuicios de los que son v\u00edctimas.<\/p>\n\n\n\n<p>\u201cHoy queremos enfatizar y aportar a esta campa\u00f1a\nque impulsa a las ni\u00f1as a romper las barreras que generalmente encuentran\nprecisamente por ser ni\u00f1as, en el \u00e1mbito cient\u00edfico y que, adem\u00e1s, visualiza\nlos logros de cient\u00edficas de todos los tiempos, y la investigaci\u00f3n que realizan\nestas profesionales en la actualidad. Eso es un ejemplo para la ni\u00f1ez, una\nevidencia cierta de que todo lo que se propongan en la vida, pueden llevarlo,\ncon estudio y esfuerzo, a la realidad\u201d, expres\u00f3 la Coordinadora de la OPD,\nDaniela Fuentealba Luco.<\/p>\n\n\n\n<p>En ese sentido la OPD de la Provincia de\nMagallanes, a trav\u00e9s de sus redes de difusi\u00f3n est\u00e1 preparando una programaci\u00f3n\nespecial para relevar este tema, como otros de igual importancia. La Oficina de\nProtecci\u00f3n de Derechos en la b\u00fasqueda de la promoci\u00f3n de los derechos de NNA,\nest\u00e1 generando, en forma constante, material en modalidad online, especialmente\na trav\u00e9s de OPD TV, canal de YouTube, recientemente estrenado y los\nd\u00edas jueves, a las 15:30hrs, streaming mediante Facebook Live, donde tambi\u00e9n\npueden realizar consultas en directo a los profesionales que intervienen en el\nprograma remoto.<\/p>\n\n\n\n<p>Los\nprofesionales atienden v\u00eda telef\u00f3nica al n\u00famero +56962465520 y a trav\u00e9s del\nemail <a href=\"mailto:opdmagallanes@gmail.com\">opdmagallanes@gmail.com<\/a> para\nhacer consultas, resolver dudas o interponer denuncias. As\u00ed tambi\u00e9n, las redes\nsociales han permitido mantener conexi\u00f3n cercana a trav\u00e9s de material educativo\naudiovisual para las familias de nuestra regi\u00f3n.<\/p>\n\n\n\n<p>Como sociedad, todos somos responsables de proteger\na los ni\u00f1os, ni\u00f1as y adolescentes. El rol de cogarantes de sus derechos, es\nfundamental, sobre todo en tiempos como los que estamos viviendo, en que ellos\ny ellas se ven m\u00e1s expuestos a las reacciones adversas que encierra una\npandemia, en la que pueden aumentar las vulneraciones de derechos. Por esa\nraz\u00f3n, si usted visualiza alg\u00fan acto de vulneraci\u00f3n de derechos, el llamado es\na denunciar a trav\u00e9s de cualquiera de las plataformas mencionadas. <\/p>\n","protected":false},"excerpt":{"rendered":"<p>Con el fin de sensibilizar a la comunidad sobre los derechos que tienen los ni\u00f1os, ni\u00f1as y adolescentes (NNA) es que los profesionales de la Oficina de Protecci\u00f3n de Derechos&#8230; <a class=\"read-more\" href=\"https:\/\/www.radiopresidenteibanez.cl\/web\/opd-provincial-trabajando-en-la-difusion-de-los-derechos-de-ninos-ninas-y-adolescentes\/\">Leer m\u00e1s<\/a><\/p>\n","protected":false},"author":2,"featured_media":18472,"comment_status":"closed","ping_status":"closed","sticky":false,"template":"","format":"standard","meta":{"footnotes":""},"categories":[1],"tags":[],"class_list":["post-18471","post","type-post","status-publish","format-standard","has-post-thumbnail","hentry","category-cronica"],"_links":{"self":[{"href":"https:\/\/www.radiopresidenteibanez.cl\/web\/wp-json\/wp\/v2\/posts\/18471","targetHints":{"allow":["GET"]}}],"collection":[{"href":"https:\/\/www.radiopresidenteibanez.cl\/web\/wp-json\/wp\/v2\/posts"}],"about":[{"href":"https:\/\/www.radiopresidenteibanez.cl\/web\/wp-json\/wp\/v2\/types\/post"}],"author":[{"embeddable":true,"href":"https:\/\/www.radiopresidenteibanez.cl\/web\/wp-json\/wp\/v2\/users\/2"}],"replies":[{"embeddable":true,"href":"https:\/\/www.radiopresidenteibanez.cl\/web\/wp-json\/wp\/v2\/comments?post=18471"}],"version-history":[{"count":0,"href":"https:\/\/www.radiopresidenteibanez.cl\/web\/wp-json\/wp\/v2\/posts\/18471\/revisions"}],"wp:featuredmedia":[{"embeddable":true,"href":"https:\/\/www.radiopresidenteibanez.cl\/web\/wp-json\/wp\/v2\/media\/18472"}],"wp:attachment":[{"href":"https:\/\/www.radiopresidenteibanez.cl\/web\/wp-json\/wp\/v2\/media?parent=18471"}],"wp:term":[{"taxonomy":"category","embeddable":true,"href":"https:\/\/www.radiopresidenteibanez.cl\/web\/wp-json\/wp\/v2\/categories?post=18471"},{"taxonomy":"post_tag","embeddable":true,"href":"https:\/\/www.radiopresidenteibanez.cl\/web\/wp-json\/wp\/v2\/tags?post=18471"}],"curies":[{"name":"wp","href":"https:\/\/api.w.org\/{rel}","templated":true}]}}