{"id":18468,"date":"2021-02-11T13:19:45","date_gmt":"2021-02-11T13:19:45","guid":{"rendered":"https:\/\/www.radiopresidenteibanez.cl\/web\/?p=18468"},"modified":"2021-02-11T13:19:53","modified_gmt":"2021-02-11T13:19:53","slug":"bailarines-del-ballet-folclorico-municipal-fueron-seleccionados-para-integrar-la-academia-del-bafona","status":"publish","type":"post","link":"https:\/\/www.radiopresidenteibanez.cl\/web\/bailarines-del-ballet-folclorico-municipal-fueron-seleccionados-para-integrar-la-academia-del-bafona\/","title":{"rendered":"BAILARINES DEL BALLET FOLCL\u00d3RICO MUNICIPAL FUERON SELECCIONADOS PARA INTEGRAR LA ACADEMIA DEL BAFONA"},"content":{"rendered":"\n<p>Dos j\u00f3venes talentos puntarenenses e integrantes del elenco\nde danza del Ballet Folcl\u00f3rico Municipal de Punta Arenas, recibieron la noticia\nde haber sido seleccionados para realizar el&nbsp;\ncurso formativo denominado \u201cAcademia BAFONA y la cultura tradicional\nchilena\u201d, junto a otros bailarines magall\u00e1nicos y del resto del pa\u00eds.<\/p>\n\n\n\n<p>Se trata de Yanara Elgueta \u00c1lvarez y de Juan Jos\u00e9 Uribe\nCad\u00edn, quienes debieron pasar por un proceso de postulaci\u00f3n desde el mes de\ndiciembre, para as\u00ed ser parte de una de las acciones art\u00edsticas y culturales\nque realiza el Ballet Folcl\u00f3rico Nacional, BAFONA, en nuestro pa\u00eds, adem\u00e1s de\nlas giras, talleres y funciones, ya conocidas ampliamente por las audiencias.<\/p>\n\n\n\n<p>\u201cComo Municipio valoramos mucho la calidad de los bailarines\nque participan del ballet folcl\u00f3rico municipal y el hecho de que dos de ellos\nhayan sido seleccionados para recibir formaci\u00f3n del Ballet Folcl\u00f3rico Nacional\nes&nbsp; una prueba del gran nivel que\nmantienen\u201d, afirm\u00f3 la directora de Desarrollo Comunitario de la Municipalidad\nde Punta Arenas, Elena Blackwood.<\/p>\n\n\n\n<p>Este curso, se llevar\u00e1 a cabo, de manera virtual, durante\nlos meses de abril a noviembre del presente a\u00f1o y cuyos m\u00f3dulos son danzas\ntradicionales, did\u00e1ctica de la danza, cultura tradicional y m\u00fasica tradicional\nchilena y, para estos j\u00f3venes bailarines se potenciar\u00e1 con las clases y ensayos\ndel representativo elenco municipal, que se llevan a cabo de manera\ncontinua.&nbsp; <\/p>\n\n\n\n<p>El director general de arte de la agrupaci\u00f3n local, \u00d3scar\nCarri\u00f3n, quien el 2008 estudi\u00f3 en dicha academia nacional, valor\u00f3 y destac\u00f3 la\nselecci\u00f3n de los bailarines. \u201cSi bien en la actualidad se aplican otros\ncontenidos en relaci\u00f3n a a\u00f1os anteriores, sin duda que abre puertas para que\notros j\u00f3venes magall\u00e1nicos puedan vivir esta hermosa experiencia, vislumbrarse\ncon la escena misma y relevar la cultura tradicional, desde la formaci\u00f3n\u201d,\nindic\u00f3.<\/p>\n\n\n\n<p>Finalmente, Carri\u00f3n destac\u00f3 la disposici\u00f3n, el talento y\ndisciplina que caracteriza a Yanara Elgueta y a Juan Jos\u00e9 Uribe, quienes han\ntransitado en diversas \u00e1reas y estilos de la danza y que representar\u00e1n\nmagistralmente, el desarrollo de las artes esc\u00e9nicas de nuestra ciudad y al\npropio Ballet Folcl\u00f3rico Municipal de Punta Arenas.<\/p>\n","protected":false},"excerpt":{"rendered":"<p>Dos j\u00f3venes talentos puntarenenses e integrantes del elenco de danza del Ballet Folcl\u00f3rico Municipal de Punta Arenas, recibieron la noticia de haber sido seleccionados para realizar el&nbsp; curso formativo denominado&#8230; <a class=\"read-more\" href=\"https:\/\/www.radiopresidenteibanez.cl\/web\/bailarines-del-ballet-folclorico-municipal-fueron-seleccionados-para-integrar-la-academia-del-bafona\/\">Leer m\u00e1s<\/a><\/p>\n","protected":false},"author":2,"featured_media":18469,"comment_status":"closed","ping_status":"closed","sticky":false,"template":"","format":"standard","meta":{"footnotes":""},"categories":[1],"tags":[],"class_list":["post-18468","post","type-post","status-publish","format-standard","has-post-thumbnail","hentry","category-cronica"],"_links":{"self":[{"href":"https:\/\/www.radiopresidenteibanez.cl\/web\/wp-json\/wp\/v2\/posts\/18468","targetHints":{"allow":["GET"]}}],"collection":[{"href":"https:\/\/www.radiopresidenteibanez.cl\/web\/wp-json\/wp\/v2\/posts"}],"about":[{"href":"https:\/\/www.radiopresidenteibanez.cl\/web\/wp-json\/wp\/v2\/types\/post"}],"author":[{"embeddable":true,"href":"https:\/\/www.radiopresidenteibanez.cl\/web\/wp-json\/wp\/v2\/users\/2"}],"replies":[{"embeddable":true,"href":"https:\/\/www.radiopresidenteibanez.cl\/web\/wp-json\/wp\/v2\/comments?post=18468"}],"version-history":[{"count":0,"href":"https:\/\/www.radiopresidenteibanez.cl\/web\/wp-json\/wp\/v2\/posts\/18468\/revisions"}],"wp:featuredmedia":[{"embeddable":true,"href":"https:\/\/www.radiopresidenteibanez.cl\/web\/wp-json\/wp\/v2\/media\/18469"}],"wp:attachment":[{"href":"https:\/\/www.radiopresidenteibanez.cl\/web\/wp-json\/wp\/v2\/media?parent=18468"}],"wp:term":[{"taxonomy":"category","embeddable":true,"href":"https:\/\/www.radiopresidenteibanez.cl\/web\/wp-json\/wp\/v2\/categories?post=18468"},{"taxonomy":"post_tag","embeddable":true,"href":"https:\/\/www.radiopresidenteibanez.cl\/web\/wp-json\/wp\/v2\/tags?post=18468"}],"curies":[{"name":"wp","href":"https:\/\/api.w.org\/{rel}","templated":true}]}}