{"id":18458,"date":"2021-02-10T17:23:59","date_gmt":"2021-02-10T17:23:59","guid":{"rendered":"https:\/\/www.radiopresidenteibanez.cl\/web\/?p=18458"},"modified":"2021-02-10T17:24:04","modified_gmt":"2021-02-10T17:24:04","slug":"conaf-realiza-en-puerto-williams-actividades-informativas-para-prevenir-incendios-forestales","status":"publish","type":"post","link":"https:\/\/www.radiopresidenteibanez.cl\/web\/conaf-realiza-en-puerto-williams-actividades-informativas-para-prevenir-incendios-forestales\/","title":{"rendered":"CONAF REALIZA EN PUERTO WILLIAMS ACTIVIDADES INFORMATIVAS PARA PREVENIR INCENDIOS FORESTALES"},"content":{"rendered":"\n<p>Como parte de su plan regional&nbsp;2020-2021&nbsp;para prevenir incendios forestales en distintos puntos de la regi\u00f3n, la Corporaci\u00f3n Nacional Forestal (CONAF) a trav\u00e9s de su oficina en Cabo de Hornos realiza diversas actividades orientadas a crear conciencia sobre el cuidado de la naturaleza y uso adecuado del fuego<\/p>\n\n\n\n<p>Ejemplo de esto fue la actividad realizada el pasado domingo en una zona de interfaz en Puerto Williams considerada de alta frecuencia de p\u00fablico infantil y adolescente, donde la brigada Lenga 12, considerada la m\u00e1s austral de Chile y el mundo, procedi\u00f3 a limpiar la zona de basuras y escombros, tales como maderas, latas, fierros, entre otros, las cuales fueron retiradas posteriormente por la Municipalidad de Cabo de Hornos.<\/p>\n\n\n\n<p>De igual forma, con motivo de celebrarse el D\u00eda Mundial de la Educaci\u00f3n Ambiental el pasado 26 de enero, CONAF realiz\u00f3 entrega de material preventivo a distintos locales comerciales de Puerto Williams, as\u00ed como tambi\u00e9n a la comunidad en general.<\/p>\n\n\n\n<p><strong>Reuni\u00f3n con autoridades sobre uso del fuego en lugares no habilitados<\/strong><\/p>\n\n\n\n<p>De igual forma, hace unas semanas, se realiz\u00f3 una reuni\u00f3n con autoridades locales para dar a conocer el levantamiento de informaci\u00f3n que se ha generado desde la oficina de CONAF respecto al uso del fuego en \u00e1reas no habilitadas. &nbsp;<\/p>\n\n\n\n<p>Con&nbsp; la participaci\u00f3n del Gobernador provincial, director (s) de emergencias de la Gobernaci\u00f3n, Comandante del Distrito Naval, los encargados de Turismo y Medio ambiente de la Municipalidad de Cabo de Hornos, se consider\u00f3 que, al existir un \u00fanico lugar habilitado para uso del fuego en la zona, se requiere crear nuevas \u00e1reas que permitan habilitar&nbsp; el uso del fuego, las cuales sean seguras para la comunidad en general.<\/p>\n\n\n\n<p>Por tal motivo, a Conaf le corresponder\u00e1 seleccionar \u00e1reas que requieran un m\u00ednimo de intervenci\u00f3n para que as\u00ed los administradores del territorio puedan habilitar zonas aptas para uso del fuego durante esta temporada.<\/p>\n\n\n\n<p>Cabe se\u00f1alar que CONAF a trav\u00e9s de su oficina en Cabo de Hornos realiza muchas otras actividades para la prevenci\u00f3n de incendios forestales, tales como capacitaciones a carabineros,&nbsp; Fuerzas Armadas; eventos formativos con escolares, lo cual tambi\u00e9n incluye su permanente actitud vigilante &nbsp;ante la posibilidad &nbsp;de que acontezcan incendios forestales en el territorio.<br><\/p>\n","protected":false},"excerpt":{"rendered":"<p>Como parte de su plan regional&nbsp;2020-2021&nbsp;para prevenir incendios forestales en distintos puntos de la regi\u00f3n, la Corporaci\u00f3n Nacional Forestal (CONAF) a trav\u00e9s de su oficina en Cabo de Hornos realiza&#8230; <a class=\"read-more\" href=\"https:\/\/www.radiopresidenteibanez.cl\/web\/conaf-realiza-en-puerto-williams-actividades-informativas-para-prevenir-incendios-forestales\/\">Leer m\u00e1s<\/a><\/p>\n","protected":false},"author":2,"featured_media":18459,"comment_status":"closed","ping_status":"closed","sticky":false,"template":"","format":"standard","meta":{"footnotes":""},"categories":[1],"tags":[],"class_list":["post-18458","post","type-post","status-publish","format-standard","has-post-thumbnail","hentry","category-cronica"],"_links":{"self":[{"href":"https:\/\/www.radiopresidenteibanez.cl\/web\/wp-json\/wp\/v2\/posts\/18458","targetHints":{"allow":["GET"]}}],"collection":[{"href":"https:\/\/www.radiopresidenteibanez.cl\/web\/wp-json\/wp\/v2\/posts"}],"about":[{"href":"https:\/\/www.radiopresidenteibanez.cl\/web\/wp-json\/wp\/v2\/types\/post"}],"author":[{"embeddable":true,"href":"https:\/\/www.radiopresidenteibanez.cl\/web\/wp-json\/wp\/v2\/users\/2"}],"replies":[{"embeddable":true,"href":"https:\/\/www.radiopresidenteibanez.cl\/web\/wp-json\/wp\/v2\/comments?post=18458"}],"version-history":[{"count":0,"href":"https:\/\/www.radiopresidenteibanez.cl\/web\/wp-json\/wp\/v2\/posts\/18458\/revisions"}],"wp:featuredmedia":[{"embeddable":true,"href":"https:\/\/www.radiopresidenteibanez.cl\/web\/wp-json\/wp\/v2\/media\/18459"}],"wp:attachment":[{"href":"https:\/\/www.radiopresidenteibanez.cl\/web\/wp-json\/wp\/v2\/media?parent=18458"}],"wp:term":[{"taxonomy":"category","embeddable":true,"href":"https:\/\/www.radiopresidenteibanez.cl\/web\/wp-json\/wp\/v2\/categories?post=18458"},{"taxonomy":"post_tag","embeddable":true,"href":"https:\/\/www.radiopresidenteibanez.cl\/web\/wp-json\/wp\/v2\/tags?post=18458"}],"curies":[{"name":"wp","href":"https:\/\/api.w.org\/{rel}","templated":true}]}}