{"id":18454,"date":"2021-02-10T15:46:29","date_gmt":"2021-02-10T15:46:29","guid":{"rendered":"https:\/\/www.radiopresidenteibanez.cl\/web\/?p=18454"},"modified":"2021-02-10T15:46:34","modified_gmt":"2021-02-10T15:46:34","slug":"ballena-varo-muerta-en-puerto-williams","status":"publish","type":"post","link":"https:\/\/www.radiopresidenteibanez.cl\/web\/ballena-varo-muerta-en-puerto-williams\/","title":{"rendered":"BALLENA VAR\u00d3 MUERTA EN PUERTO WILLIAMS"},"content":{"rendered":"\n<p>Funcionarios de Sernapesca de Puerto Williams recibieron un llamado alertando de una ballena varada a 15 Km al este de la bah\u00eda. De inmediato acudieron al lugar para analizar la situaci\u00f3n e intentar devolver el ejemplar al mar, sin embargo, al llegar se percataron que la ballena estaba muerta.<\/p>\n\n\n\n<p>El mam\u00edfero Balaenoptera spp, med\u00eda 9,9 metros de longitud y se encontraba en un estado temprano de descomposici\u00f3n, por lo que se presume que su varamiento habr\u00eda ocurrido hace menos de 24 horas.<\/p>\n\n\n\n<p>Los funcionarios de Sernapesca en su bit\u00e1cora registraron que no hab\u00eda rastro de marcas ni da\u00f1os de terceros atribuibles a alguna embarcaci\u00f3n o efecto de alg\u00fan tipo de depredador que pudiera haber atacado al ejemplar. Se procedi\u00f3 a realizar toma de muestras de tejido y piel y a dejar registro fotogr\u00e1fico con fines cient\u00edficos y para poder determinar la especie.<\/p>\n\n\n\n<p>\u201cJunto a la Armada pondremos un per\u00edmetro para proteger al ejemplar, dado que una ballena es patrimonio de la naturaleza, aun estando muerta, por lo que sus restos deben ser resguardados para que no sufran da\u00f1os ni robos.\u201d Asegur\u00f3 Diego Illanes, Encargado de Oficina de Sernapesca en Pto Williams.<\/p>\n","protected":false},"excerpt":{"rendered":"<p>Funcionarios de Sernapesca de Puerto Williams recibieron un llamado alertando de una ballena varada a 15 Km al este de la bah\u00eda. De inmediato acudieron al lugar para analizar la&#8230; <a class=\"read-more\" href=\"https:\/\/www.radiopresidenteibanez.cl\/web\/ballena-varo-muerta-en-puerto-williams\/\">Leer m\u00e1s<\/a><\/p>\n","protected":false},"author":2,"featured_media":18455,"comment_status":"closed","ping_status":"closed","sticky":false,"template":"","format":"standard","meta":{"footnotes":""},"categories":[1],"tags":[],"class_list":["post-18454","post","type-post","status-publish","format-standard","has-post-thumbnail","hentry","category-cronica"],"_links":{"self":[{"href":"https:\/\/www.radiopresidenteibanez.cl\/web\/wp-json\/wp\/v2\/posts\/18454","targetHints":{"allow":["GET"]}}],"collection":[{"href":"https:\/\/www.radiopresidenteibanez.cl\/web\/wp-json\/wp\/v2\/posts"}],"about":[{"href":"https:\/\/www.radiopresidenteibanez.cl\/web\/wp-json\/wp\/v2\/types\/post"}],"author":[{"embeddable":true,"href":"https:\/\/www.radiopresidenteibanez.cl\/web\/wp-json\/wp\/v2\/users\/2"}],"replies":[{"embeddable":true,"href":"https:\/\/www.radiopresidenteibanez.cl\/web\/wp-json\/wp\/v2\/comments?post=18454"}],"version-history":[{"count":0,"href":"https:\/\/www.radiopresidenteibanez.cl\/web\/wp-json\/wp\/v2\/posts\/18454\/revisions"}],"wp:featuredmedia":[{"embeddable":true,"href":"https:\/\/www.radiopresidenteibanez.cl\/web\/wp-json\/wp\/v2\/media\/18455"}],"wp:attachment":[{"href":"https:\/\/www.radiopresidenteibanez.cl\/web\/wp-json\/wp\/v2\/media?parent=18454"}],"wp:term":[{"taxonomy":"category","embeddable":true,"href":"https:\/\/www.radiopresidenteibanez.cl\/web\/wp-json\/wp\/v2\/categories?post=18454"},{"taxonomy":"post_tag","embeddable":true,"href":"https:\/\/www.radiopresidenteibanez.cl\/web\/wp-json\/wp\/v2\/tags?post=18454"}],"curies":[{"name":"wp","href":"https:\/\/api.w.org\/{rel}","templated":true}]}}