{"id":18451,"date":"2021-02-10T15:43:58","date_gmt":"2021-02-10T15:43:58","guid":{"rendered":"https:\/\/www.radiopresidenteibanez.cl\/web\/?p=18451"},"modified":"2021-02-10T15:44:04","modified_gmt":"2021-02-10T15:44:04","slug":"pdi-establece-cientificamente-la-identidad-de-hombre-que-fue-encontrado-fallecido-en-un-paradero","status":"publish","type":"post","link":"https:\/\/www.radiopresidenteibanez.cl\/web\/pdi-establece-cientificamente-la-identidad-de-hombre-que-fue-encontrado-fallecido-en-un-paradero\/","title":{"rendered":"PDI ESTABLECE CIENT\u00cdFICAMENTE LA IDENTIDAD DE HOMBRE  QUE FUE ENCONTRADO FALLECIDO EN UN PARADERO"},"content":{"rendered":"\n<p>Por solicitud de la Fiscal\u00eda Local de Punta Arenas,\ndetectives de la Brigada de Homicidios y peritos del Laboratorio de\nCriminal\u00edstica Regional de la PDI, concurrieron hasta avenida Frei para\nefectuar el trabajo cient\u00edfico y t\u00e9cnico por la muerte y hallazgo del cad\u00e1ver\nde una persona de sexo masculino, cuya identidad se pudo establecer a ra\u00edz del\ntrabajo desarrollado por una perito huellogr\u00e1fico y dactilosc\u00f3pico. El hombre, de\niniciales J.D.A.G., ten\u00eda 66 a\u00f1os de edad y era oriundo de Cocham\u00f3, regi\u00f3n de\nLos Lagos. <\/p>\n\n\n\n<p>Cerca de las 9:30 horas de este martes, un transe\u00fante\nque esperaba locomoci\u00f3n colectiva en Avenida Eduardo Frei, a la altura de calle\nLos Flamencos, se percat\u00f3 que al interior de un paradero se encontraba un hombre\nfallecido, por lo que dio aviso de esta situaci\u00f3n. &nbsp;<\/p>\n\n\n\n<p>Una vez finalizado el trabajo en el sitio del suceso,\nla subcomisaria Nicole Torres, de la Brigada de Homicidios Punta Arenas, se\u00f1al\u00f3\nque \u201cal examen externo policial, se descarta la participaci\u00f3n de terceras\npersonas en el fallecimiento\u201d y agreg\u00f3 que el hombre \u201cse encontraba en\nsituaci\u00f3n de vulnerabilidad y resid\u00eda en el paradero\u201d.&nbsp; <\/p>\n\n\n\n<p>El cuerpo fue trasladado hasta el Servicio M\u00e9dico\nLegal de Punta Arenas en donde se realizar\u00e1 la necropsia respectiva, con el fin\nde establecer la causa precisa de muerte.<\/p>\n","protected":false},"excerpt":{"rendered":"<p>Por solicitud de la Fiscal\u00eda Local de Punta Arenas, detectives de la Brigada de Homicidios y peritos del Laboratorio de Criminal\u00edstica Regional de la PDI, concurrieron hasta avenida Frei para&#8230; <a class=\"read-more\" href=\"https:\/\/www.radiopresidenteibanez.cl\/web\/pdi-establece-cientificamente-la-identidad-de-hombre-que-fue-encontrado-fallecido-en-un-paradero\/\">Leer m\u00e1s<\/a><\/p>\n","protected":false},"author":2,"featured_media":18452,"comment_status":"closed","ping_status":"closed","sticky":false,"template":"","format":"standard","meta":{"footnotes":""},"categories":[1],"tags":[],"class_list":["post-18451","post","type-post","status-publish","format-standard","has-post-thumbnail","hentry","category-cronica"],"_links":{"self":[{"href":"https:\/\/www.radiopresidenteibanez.cl\/web\/wp-json\/wp\/v2\/posts\/18451","targetHints":{"allow":["GET"]}}],"collection":[{"href":"https:\/\/www.radiopresidenteibanez.cl\/web\/wp-json\/wp\/v2\/posts"}],"about":[{"href":"https:\/\/www.radiopresidenteibanez.cl\/web\/wp-json\/wp\/v2\/types\/post"}],"author":[{"embeddable":true,"href":"https:\/\/www.radiopresidenteibanez.cl\/web\/wp-json\/wp\/v2\/users\/2"}],"replies":[{"embeddable":true,"href":"https:\/\/www.radiopresidenteibanez.cl\/web\/wp-json\/wp\/v2\/comments?post=18451"}],"version-history":[{"count":0,"href":"https:\/\/www.radiopresidenteibanez.cl\/web\/wp-json\/wp\/v2\/posts\/18451\/revisions"}],"wp:featuredmedia":[{"embeddable":true,"href":"https:\/\/www.radiopresidenteibanez.cl\/web\/wp-json\/wp\/v2\/media\/18452"}],"wp:attachment":[{"href":"https:\/\/www.radiopresidenteibanez.cl\/web\/wp-json\/wp\/v2\/media?parent=18451"}],"wp:term":[{"taxonomy":"category","embeddable":true,"href":"https:\/\/www.radiopresidenteibanez.cl\/web\/wp-json\/wp\/v2\/categories?post=18451"},{"taxonomy":"post_tag","embeddable":true,"href":"https:\/\/www.radiopresidenteibanez.cl\/web\/wp-json\/wp\/v2\/tags?post=18451"}],"curies":[{"name":"wp","href":"https:\/\/api.w.org\/{rel}","templated":true}]}}