{"id":1845,"date":"2019-03-05T13:11:44","date_gmt":"2019-03-05T13:11:44","guid":{"rendered":"http:\/\/www.radiopresidenteibanez.cl\/web\/?p=1845"},"modified":"2019-03-05T13:11:59","modified_gmt":"2019-03-05T13:11:59","slug":"autoridades-lanzan-primera-feria-de-empleo-virtual-para-mujeres","status":"publish","type":"post","link":"https:\/\/www.radiopresidenteibanez.cl\/web\/autoridades-lanzan-primera-feria-de-empleo-virtual-para-mujeres\/","title":{"rendered":"AUTORIDADES LANZAN PRIMERA FERIA DE EMPLEO VIRTUAL PARA MUJERES"},"content":{"rendered":"\n<p>En\nel marco del pr\u00f3ximo D\u00eda Internacional de la Mujer y con la finalidad de\nfomentar la participaci\u00f3n laboral femenina, el Servicio Nacional de\nCapacitaci\u00f3n y Empleo (Sence) y Laborum.com lanzaron esta ma\u00f1ana la primera\nferia de empleo para la mujer, que estar\u00e1 en funcionamiento entre los d\u00edas 4 y\n8 de marzo de manera virtual y que tambi\u00e9n ofrece puestos laborales en la\nregi\u00f3n de Magallanes.<\/p>\n\n\n\n<p>As\u00ed\nlo indic\u00f3 la Seremi del Trabajo y Previsi\u00f3n Social, Victoria Cort\u00e9s Schiattino,\nquien calific\u00f3 de \u201cpionera\u201d esta iniciativa del Ministerio del Trabajo, a\ntrav\u00e9s de Sence, para incrementar la empleabilidad femenina, a partir de m\u00e1s de\n12 mil empleos que se ofrecer\u00e1n en todo el pa\u00eds. \u201cPara nosotros como gobierno\ndel Presidente Sebasti\u00e1n Pi\u00f1era es fundamental derribar las brechas de g\u00e9nero\nexistentes en materia de empleo. Si bien hemos ido ganando terreno, puesto que\nla participaci\u00f3n femenina en nuestra regi\u00f3n ha ido creciendo y hoy est\u00e1 sobre\nun 56%, la diferencia con los hombres sigue siendo de casi 20 puntos, por lo\nque todav\u00eda estamos muy lejos, debemos ser capaces de acortar esa diferencia\u201d,\ndijo enf\u00e1tica.<\/p>\n\n\n\n<p>Sobre\nel impacto a nivel local de este programa, la autoridad explic\u00f3 que \u201cpara\nMagallanes, esta feria ofrece 45 puestos de empleo para mujeres, que est\u00e1n\nrelacionados, principalmente, con los rubros de comercio, construcci\u00f3n,\nservicios administrativos, transporte y otros, que adem\u00e1s son sectores que\nofrecen trabajos con proyecci\u00f3n y estabilidad, que es lo que buscamos como Serem\u00eda\u201d.<\/p>\n\n\n\n<p>La\nplataforma online contar\u00e1 con stands personalizados, permitiendo a las usuarias\ngenerar un v\u00ednculo directo con la empresa a la que est\u00e1n pensando postular.\nEsto permite que, quienes est\u00e1n en busca de un trabajo, puedan acercarse m\u00e1s a\nla empresa en la que est\u00e1n interesados y comparar entre las distintas\noportunidades que se ofrecen en el sitio.<\/p>\n\n\n\n<p>Asimismo,\nla plataforma entrega en l\u00ednea orientaci\u00f3n y datos \u00fatiles para la elaboraci\u00f3n\ndel curriculum vitae, as\u00ed como importantes tips para la presentaci\u00f3n a una\nentrevista de trabajo. Durante el lanzamiento, se realizaron, adem\u00e1s, charlas\nv\u00eda streaming sobre educaci\u00f3n previsional, mujeres en trabajos no tradicionales\ny otras.<\/p>\n\n\n\n<p>Atendiendo\na la particularidad de esta actividad, Cort\u00e9s inst\u00f3 a las magall\u00e1nicas a\nacceder a la plataforma para conocer los puestos laborales que se ofrecen en la\nzona. \u201cEsperamos que esta instancia, que estar\u00e1 en funcionamiento hasta el 8 de\nmarzo contribuya a aquellas mujeres que hoy est\u00e1n buscando un empleo y tambi\u00e9n\nles contamos que estamos iniciando las gestiones para la realizaci\u00f3n de tres\nferias de empleo en la regi\u00f3n, esperando, con ello, convertirnos en un puente\nefectivo entre la oferta y b\u00fasqueda de empleo local\u201d.<\/p>\n\n\n\n<p><strong>APERTURA DE CURSOS DIGITALES GRATUITOS<\/strong><\/p>\n\n\n\n<p>La\nseremi aprovech\u00f3 la oportunidad para difundir los nuevos cursos digitales de\nSence, cuyo objetivo es entregar capacitaci\u00f3n en \u00e1reas que est\u00e1n siendo cada\nvez m\u00e1s demandadas por las empresas. As\u00ed, seg\u00fan expres\u00f3, \u201cse trata de cursos\ncompletamente gratuitos y la novedad para estos es que no se consideran\nrequisitos de participaci\u00f3n, de edad u otros, con lo que buscamos ampliar el\nalcance de personas y p\u00fablico al que habitualmente llega Sence con sus beneficios\u201d.<\/p>\n\n\n\n<p>Son\nocho los primeros cursos abiertos a trav\u00e9s de la plataforma, entre los que se\ndestacan: Desarrollador de videojuegos, Computaci\u00f3n b\u00e1sica, Analista de\nproyectos e inteligencia de negocios y Desarrollador de proyectos en la nube,\nenmarcados en el \u00e1rea Tecnolog\u00eda de la Informaci\u00f3n. Mientras que dentro del\n\u00e1rea de Emprendimiento est\u00e1n: Formulaci\u00f3n y evaluaci\u00f3n de proyectos, Evaluaci\u00f3n\nde ideas de negocio, Ideas para crecer tu negocio y Marketing digital.<\/p>\n\n\n\n<p>\u201cSe\ntrata de cursos que son realmente atractivos y llamativos para las nuevas\ngeneraciones, tambi\u00e9n para quienes deseen iniciar un emprendimiento o para\nquienes deseen trabajar en \u00e1reas de la tecnolog\u00eda. Con esta renovada iniciativa\nde Sence, el gobierno del Presidente Pi\u00f1era busca cumplir con el compromiso de\nmodernizaci\u00f3n de las capacitaciones y, con este nuevo modelo de cursos\ndigitales, sin duda, estamos iniciando ese camino\u201d, agreg\u00f3 la Seremi.<\/p>\n\n\n\n<p>Los interesados en postular pueden acceder a trav\u00e9s del banner de cursos online del portal <a href=\"http:\/\/www.sence.cl\/portal\/\">www.sence.cl\/portal\/<\/a>, registrarse con el Rut y clave de usuario, buscar y seleccionar el curso de su inter\u00e9s para ingresar a cualquiera de los ocho cursos disponibles en esta primera fase.<\/p>\n\n\n\n<ul class=\"wp-block-gallery columns-2 is-cropped wp-block-gallery-1 is-layout-flex wp-block-gallery-is-layout-flex\"><li class=\"blocks-gallery-item\"><figure><img loading=\"lazy\" decoding=\"async\" width=\"1024\" height=\"768\" src=\"https:\/\/www.radiopresidenteibanez.cl\/web\/wp-content\/uploads\/2019\/03\/IMG_013-1024x768.jpg\" alt=\"\" data-id=\"1846\" data-link=\"https:\/\/www.radiopresidenteibanez.cl\/web\/?attachment_id=1846\" class=\"wp-image-1846\" srcset=\"https:\/\/www.radiopresidenteibanez.cl\/web\/wp-content\/uploads\/2019\/03\/IMG_013-1024x768.jpg 1024w, https:\/\/www.radiopresidenteibanez.cl\/web\/wp-content\/uploads\/2019\/03\/IMG_013-300x225.jpg 300w, https:\/\/www.radiopresidenteibanez.cl\/web\/wp-content\/uploads\/2019\/03\/IMG_013-768x576.jpg 768w, https:\/\/www.radiopresidenteibanez.cl\/web\/wp-content\/uploads\/2019\/03\/IMG_013.jpg 1300w\" sizes=\"auto, (max-width: 1024px) 100vw, 1024px\" \/><\/figure><\/li><li class=\"blocks-gallery-item\"><figure><img loading=\"lazy\" decoding=\"async\" width=\"1024\" height=\"682\" src=\"https:\/\/www.radiopresidenteibanez.cl\/web\/wp-content\/uploads\/2019\/03\/IMG_2893_1-1024x682.jpg\" alt=\"\" data-id=\"1847\" data-link=\"https:\/\/www.radiopresidenteibanez.cl\/web\/?attachment_id=1847\" class=\"wp-image-1847\" srcset=\"https:\/\/www.radiopresidenteibanez.cl\/web\/wp-content\/uploads\/2019\/03\/IMG_2893_1-1024x682.jpg 1024w, https:\/\/www.radiopresidenteibanez.cl\/web\/wp-content\/uploads\/2019\/03\/IMG_2893_1-300x200.jpg 300w, https:\/\/www.radiopresidenteibanez.cl\/web\/wp-content\/uploads\/2019\/03\/IMG_2893_1-768x512.jpg 768w, https:\/\/www.radiopresidenteibanez.cl\/web\/wp-content\/uploads\/2019\/03\/IMG_2893_1.jpg 1300w\" sizes=\"auto, (max-width: 1024px) 100vw, 1024px\" \/><\/figure><\/li><\/ul>\n","protected":false},"excerpt":{"rendered":"<p>En el marco del pr\u00f3ximo D\u00eda Internacional de la Mujer y con la finalidad de fomentar la participaci\u00f3n laboral femenina, el Servicio Nacional de Capacitaci\u00f3n y Empleo (Sence) y Laborum.com&#8230; <a class=\"read-more\" href=\"https:\/\/www.radiopresidenteibanez.cl\/web\/autoridades-lanzan-primera-feria-de-empleo-virtual-para-mujeres\/\">Leer m\u00e1s<\/a><\/p>\n","protected":false},"author":2,"featured_media":1846,"comment_status":"closed","ping_status":"closed","sticky":false,"template":"","format":"standard","meta":{"footnotes":""},"categories":[1],"tags":[],"class_list":["post-1845","post","type-post","status-publish","format-standard","has-post-thumbnail","hentry","category-cronica"],"_links":{"self":[{"href":"https:\/\/www.radiopresidenteibanez.cl\/web\/wp-json\/wp\/v2\/posts\/1845","targetHints":{"allow":["GET"]}}],"collection":[{"href":"https:\/\/www.radiopresidenteibanez.cl\/web\/wp-json\/wp\/v2\/posts"}],"about":[{"href":"https:\/\/www.radiopresidenteibanez.cl\/web\/wp-json\/wp\/v2\/types\/post"}],"author":[{"embeddable":true,"href":"https:\/\/www.radiopresidenteibanez.cl\/web\/wp-json\/wp\/v2\/users\/2"}],"replies":[{"embeddable":true,"href":"https:\/\/www.radiopresidenteibanez.cl\/web\/wp-json\/wp\/v2\/comments?post=1845"}],"version-history":[{"count":0,"href":"https:\/\/www.radiopresidenteibanez.cl\/web\/wp-json\/wp\/v2\/posts\/1845\/revisions"}],"wp:featuredmedia":[{"embeddable":true,"href":"https:\/\/www.radiopresidenteibanez.cl\/web\/wp-json\/wp\/v2\/media\/1846"}],"wp:attachment":[{"href":"https:\/\/www.radiopresidenteibanez.cl\/web\/wp-json\/wp\/v2\/media?parent=1845"}],"wp:term":[{"taxonomy":"category","embeddable":true,"href":"https:\/\/www.radiopresidenteibanez.cl\/web\/wp-json\/wp\/v2\/categories?post=1845"},{"taxonomy":"post_tag","embeddable":true,"href":"https:\/\/www.radiopresidenteibanez.cl\/web\/wp-json\/wp\/v2\/tags?post=1845"}],"curies":[{"name":"wp","href":"https:\/\/api.w.org\/{rel}","templated":true}]}}