{"id":18448,"date":"2021-02-10T15:27:36","date_gmt":"2021-02-10T15:27:36","guid":{"rendered":"https:\/\/www.radiopresidenteibanez.cl\/web\/?p=18448"},"modified":"2021-02-10T15:27:43","modified_gmt":"2021-02-10T15:27:43","slug":"magallanes-comenzo-la-temporada-del-ostion-del-sur","status":"publish","type":"post","link":"https:\/\/www.radiopresidenteibanez.cl\/web\/magallanes-comenzo-la-temporada-del-ostion-del-sur\/","title":{"rendered":"MAGALLANES: COMENZ\u00d3 LA TEMPORADA DEL OSTI\u00d3N DEL SUR"},"content":{"rendered":"\n<p>El 5 de febrero se dio inicio a la temporada de extracci\u00f3n del recurso Osti\u00f3n del Sur (Chlamys v\u00edtrea) en la regi\u00f3n de Magallanes y Ant\u00e1rtica Chilena. El osti\u00f3n del sur es uno de los recursos emblem\u00e1ticos de la regi\u00f3n m\u00e1s austral de nuestro pa\u00eds, despu\u00e9s de la centolla y el erizo, y su temporada se extiende hasta el 15 de marzo.<\/p>\n\n\n\n<p>El d\u00eda lunes 08 del presente se llev\u00f3 a cabo el primer desembarco de la temporada en el terminal pesquero de Puerto Natales, donde funcionarios de Sernapesca fueron hasta el lugar para inspeccionar la talla m\u00ednima legal (TML), es decir, para verificar que el recurso extra\u00eddo est\u00e9 dentro de tama\u00f1o m\u00ednimo establecida por la ley.<\/p>\n\n\n\n<p>\u201cDesde Sernapesca confirmamos que el desembarco cumpli\u00f3 con la TML, por lo tanto, se da por iniciada la temporada de ostiones con 11 mil docenas del recurso que se destina tanto para mercado nacional como internacional.\u201d Asegur\u00f3 el Director Regional de Sernapesca Magallanes, Patricio D\u00edaz.<\/p>\n","protected":false},"excerpt":{"rendered":"<p>El 5 de febrero se dio inicio a la temporada de extracci\u00f3n del recurso Osti\u00f3n del Sur (Chlamys v\u00edtrea) en la regi\u00f3n de Magallanes y Ant\u00e1rtica Chilena. El osti\u00f3n del&#8230; <a class=\"read-more\" href=\"https:\/\/www.radiopresidenteibanez.cl\/web\/magallanes-comenzo-la-temporada-del-ostion-del-sur\/\">Leer m\u00e1s<\/a><\/p>\n","protected":false},"author":2,"featured_media":18449,"comment_status":"closed","ping_status":"closed","sticky":false,"template":"","format":"standard","meta":{"footnotes":""},"categories":[1],"tags":[],"class_list":["post-18448","post","type-post","status-publish","format-standard","has-post-thumbnail","hentry","category-cronica"],"_links":{"self":[{"href":"https:\/\/www.radiopresidenteibanez.cl\/web\/wp-json\/wp\/v2\/posts\/18448","targetHints":{"allow":["GET"]}}],"collection":[{"href":"https:\/\/www.radiopresidenteibanez.cl\/web\/wp-json\/wp\/v2\/posts"}],"about":[{"href":"https:\/\/www.radiopresidenteibanez.cl\/web\/wp-json\/wp\/v2\/types\/post"}],"author":[{"embeddable":true,"href":"https:\/\/www.radiopresidenteibanez.cl\/web\/wp-json\/wp\/v2\/users\/2"}],"replies":[{"embeddable":true,"href":"https:\/\/www.radiopresidenteibanez.cl\/web\/wp-json\/wp\/v2\/comments?post=18448"}],"version-history":[{"count":0,"href":"https:\/\/www.radiopresidenteibanez.cl\/web\/wp-json\/wp\/v2\/posts\/18448\/revisions"}],"wp:featuredmedia":[{"embeddable":true,"href":"https:\/\/www.radiopresidenteibanez.cl\/web\/wp-json\/wp\/v2\/media\/18449"}],"wp:attachment":[{"href":"https:\/\/www.radiopresidenteibanez.cl\/web\/wp-json\/wp\/v2\/media?parent=18448"}],"wp:term":[{"taxonomy":"category","embeddable":true,"href":"https:\/\/www.radiopresidenteibanez.cl\/web\/wp-json\/wp\/v2\/categories?post=18448"},{"taxonomy":"post_tag","embeddable":true,"href":"https:\/\/www.radiopresidenteibanez.cl\/web\/wp-json\/wp\/v2\/tags?post=18448"}],"curies":[{"name":"wp","href":"https:\/\/api.w.org\/{rel}","templated":true}]}}