{"id":18445,"date":"2021-02-10T15:07:56","date_gmt":"2021-02-10T15:07:56","guid":{"rendered":"https:\/\/www.radiopresidenteibanez.cl\/web\/?p=18445"},"modified":"2021-02-10T15:08:02","modified_gmt":"2021-02-10T15:08:02","slug":"multigremial-de-magallanes-se-reune-con-nuevo-ministro-de-hacienda-y-plantea-las-inquietudes-que-afectan-a-los-gremios-locales","status":"publish","type":"post","link":"https:\/\/www.radiopresidenteibanez.cl\/web\/multigremial-de-magallanes-se-reune-con-nuevo-ministro-de-hacienda-y-plantea-las-inquietudes-que-afectan-a-los-gremios-locales\/","title":{"rendered":"MULTIGREMIAL DE MAGALLANES SE RE\u00daNE CON NUEVO MINISTRO DE HACIENDA Y PLANTEA LAS INQUIETUDES QUE AFECTAN A LOS GREMIOS LOCALES"},"content":{"rendered":"\n<p>Con el objetivo de plantear\ninquietudes y establecer estrategias de trabajo conjunto, presidentes y\nrepresentantes de las 17 multigremiales regionales que componen la Multigremial\nNacional, tuvieron un encuentro de coordinaci\u00f3n con el nuevo ministro de\nHacienda, Rodrigo Cerda. <\/p>\n\n\n\n<p>En la oportunidad el presidente\nde la Multigremial de Magallanes, Alejandro Riquelme, plante\u00f3 que el problema\ndel terrorismo que ocurre en la macrozona sur podr\u00eda afectar el normal\nabastecimiento de Magallanes y las zonas m\u00e1s australes. \u201cCreemos que el Estado\nde Derecho y el di\u00e1logo deben ser los protagonistas, condenando la violencia en\ntodas sus formas\u201d, declar\u00f3. <\/p>\n\n\n\n<p>Riquelme manifest\u00f3 tambi\u00e9n su\npreocupaci\u00f3n en la focalizaci\u00f3n y eficiencia del gasto p\u00fablico a nivel\nregional, ya que por ejemplo en Magallanes existen megaproyectos que no son\nprioridad para la comunidad. \u201cEl paso sobre nivel en la entrada de Punta\nArenas, y que tiene un costo por m\u00e1s de $23 mil millones, creemos que no es\nprioridad ante la actual situaci\u00f3n econ\u00f3mica que vive el pa\u00eds\u201d, enfatiz\u00f3. <\/p>\n\n\n\n<p>El l\u00edder gremial agreg\u00f3 que a\u00fan\nexiste malestar en los gremios del turismo local, puesto que ser\u00e1 uno de los\n\u00faltimos en recuperarse en todo el pa\u00eds. \u201cEstamos preocupados, ya que en nuestra\nregi\u00f3n este rubro se sustenta por visitantes provenientes de Europa, Estados\nUnidos y Asia. Necesitamos que se revisen otro tipo de medidas, como\nrestricciones de desplazamiento, utilizar remanente de cr\u00e9dito fiscal, ampliar\nLey de Protecci\u00f3n al Empleo hasta diciembre de 2021 y exenci\u00f3n autom\u00e1tica del\nIVA a turistas extranjeros\u201d, finaliz\u00f3. <\/p>\n\n\n\n<p>El ministro agradeci\u00f3 las\nsugerencias de la Multigremial de Magallanes y se comprometi\u00f3 en evaluarlas en\nconjunto con el ministro de Econom\u00eda, Lucas Palacios. La autoridad de gobierno,\ntambi\u00e9n aprovech\u00f3 de recordar a los dirigentes que ya se encuentra publicado el\nreglamento del Fogape Reactiva, cr\u00e9dito que podr\u00eda ayudar mucho a las MiPymes\npara sobrellevar la crisis por la que atraviesan. <\/p>\n","protected":false},"excerpt":{"rendered":"<p>Con el objetivo de plantear inquietudes y establecer estrategias de trabajo conjunto, presidentes y representantes de las 17 multigremiales regionales que componen la Multigremial Nacional, tuvieron un encuentro de coordinaci\u00f3n&#8230; <a class=\"read-more\" href=\"https:\/\/www.radiopresidenteibanez.cl\/web\/multigremial-de-magallanes-se-reune-con-nuevo-ministro-de-hacienda-y-plantea-las-inquietudes-que-afectan-a-los-gremios-locales\/\">Leer m\u00e1s<\/a><\/p>\n","protected":false},"author":2,"featured_media":18446,"comment_status":"closed","ping_status":"closed","sticky":false,"template":"","format":"standard","meta":{"footnotes":""},"categories":[1],"tags":[],"class_list":["post-18445","post","type-post","status-publish","format-standard","has-post-thumbnail","hentry","category-cronica"],"_links":{"self":[{"href":"https:\/\/www.radiopresidenteibanez.cl\/web\/wp-json\/wp\/v2\/posts\/18445","targetHints":{"allow":["GET"]}}],"collection":[{"href":"https:\/\/www.radiopresidenteibanez.cl\/web\/wp-json\/wp\/v2\/posts"}],"about":[{"href":"https:\/\/www.radiopresidenteibanez.cl\/web\/wp-json\/wp\/v2\/types\/post"}],"author":[{"embeddable":true,"href":"https:\/\/www.radiopresidenteibanez.cl\/web\/wp-json\/wp\/v2\/users\/2"}],"replies":[{"embeddable":true,"href":"https:\/\/www.radiopresidenteibanez.cl\/web\/wp-json\/wp\/v2\/comments?post=18445"}],"version-history":[{"count":0,"href":"https:\/\/www.radiopresidenteibanez.cl\/web\/wp-json\/wp\/v2\/posts\/18445\/revisions"}],"wp:featuredmedia":[{"embeddable":true,"href":"https:\/\/www.radiopresidenteibanez.cl\/web\/wp-json\/wp\/v2\/media\/18446"}],"wp:attachment":[{"href":"https:\/\/www.radiopresidenteibanez.cl\/web\/wp-json\/wp\/v2\/media?parent=18445"}],"wp:term":[{"taxonomy":"category","embeddable":true,"href":"https:\/\/www.radiopresidenteibanez.cl\/web\/wp-json\/wp\/v2\/categories?post=18445"},{"taxonomy":"post_tag","embeddable":true,"href":"https:\/\/www.radiopresidenteibanez.cl\/web\/wp-json\/wp\/v2\/tags?post=18445"}],"curies":[{"name":"wp","href":"https:\/\/api.w.org\/{rel}","templated":true}]}}