{"id":1842,"date":"2019-03-05T13:06:56","date_gmt":"2019-03-05T13:06:56","guid":{"rendered":"http:\/\/www.radiopresidenteibanez.cl\/web\/?p=1842"},"modified":"2019-03-05T13:07:21","modified_gmt":"2019-03-05T13:07:21","slug":"operativo-extraordinario-de-carabineros-arrojo-39-detenidos","status":"publish","type":"post","link":"https:\/\/www.radiopresidenteibanez.cl\/web\/operativo-extraordinario-de-carabineros-arrojo-39-detenidos\/","title":{"rendered":"OPERATIVO EXTRAORDINARIO DE CARABINEROS ARROJ\u00d3 39 DETENIDOS"},"content":{"rendered":"\n<p>Un total de 39 detenidos dej\u00f3 la ronda preventiva que efectu\u00f3 Carabineros durante el fin de semana pasado, seg\u00fan informaron el&nbsp; gobernador de Magallanes, Homero Villegas, y el jefe de zona (s) de la polic\u00eda uniformada, coronel Ricardo Rubat.<\/p>\n\n\n\n<p>Seg\u00fan el detalle dado a conocer, los detenidos fueron: uno por maltrato de obra a carabineros, dos por amenazas simples, siete por hurto, dos por infracci\u00f3n a la ley 20.000, cinco por \u00f3rdenes de aprehensi\u00f3n pendiente, seis por lesiones, cinco por conducci\u00f3n en estado de ebriedad, tres por otros delitos y faltas, cinco por violencia intrafamiliar, uno por conducci\u00f3n bajo la influencia del alcohol, y dos por da\u00f1os.<\/p>\n\n\n\n<p>El gobernador Villegas manifest\u00f3 que \u201clas rondas masivas que est\u00e1 haciendo Carabineros a lo menos una vez al mes, es producto de la preocupaci\u00f3n del Presidente Sebasti\u00e1n Pi\u00f1era y de este Gobierno para reforzar la seguridad p\u00fablica, y para que la ciudadan\u00eda tenga claro el mensaje de que estamos preocupados de su seguridad, por lo tanto para nosotros es motivo de mucha satisfacci\u00f3n ver c\u00f3mo Carabineros especialmente en la provincia de Magallanes est\u00e1 realizando una actividad abnegada y preocupada de la seguridad de todos los vecinos\u201d, manifest\u00f3 la autoridad provincial.<\/p>\n\n\n\n<p>Respecto a las fiscalizaciones e&nbsp; infracciones,&nbsp; se realizaron 449 controles de identidad; 1.595 controles vehiculares, 73 fiscalizaciones a locales de alcohol, y 34 infracciones al tr\u00e1nsito.<\/p>\n\n\n\n<p>El coronel Rubat calific\u00f3 como positivo el servicio extraordinario llevado a cabo desde el d\u00eda viernes al domingo pasado, afirmando que el \u201cprop\u00f3sito que se ha perseguido durante todo este tiempo con estas rondas que se realizan a nivel nacional, es incrementar la presencia de Carabineros en la poblaci\u00f3n, con la finalidad de que no se comentan il\u00edcitos y, por otra parte, mejorar la percepci\u00f3n de seguridad\u201d, destac\u00f3.<\/p>\n\n\n\n<p>Estos operativos se implementaron desde los primeros meses del Gobierno del Presidente Sebasti\u00e1n Pi\u00f1era, donde el objetivo principal es prevenir la ocurrencia de delitos, y mejorar la percepci\u00f3n de seguridad de la ciudadan\u00eda.<\/p>\n","protected":false},"excerpt":{"rendered":"<p>Un total de 39 detenidos dej\u00f3 la ronda preventiva que efectu\u00f3 Carabineros durante el fin de semana pasado, seg\u00fan informaron el&nbsp; gobernador de Magallanes, Homero Villegas, y el jefe de&#8230; <a class=\"read-more\" href=\"https:\/\/www.radiopresidenteibanez.cl\/web\/operativo-extraordinario-de-carabineros-arrojo-39-detenidos\/\">Leer m\u00e1s<\/a><\/p>\n","protected":false},"author":2,"featured_media":1843,"comment_status":"closed","ping_status":"closed","sticky":false,"template":"","format":"standard","meta":{"footnotes":""},"categories":[1,6],"tags":[],"class_list":["post-1842","post","type-post","status-publish","format-standard","has-post-thumbnail","hentry","category-cronica","category-policial"],"_links":{"self":[{"href":"https:\/\/www.radiopresidenteibanez.cl\/web\/wp-json\/wp\/v2\/posts\/1842","targetHints":{"allow":["GET"]}}],"collection":[{"href":"https:\/\/www.radiopresidenteibanez.cl\/web\/wp-json\/wp\/v2\/posts"}],"about":[{"href":"https:\/\/www.radiopresidenteibanez.cl\/web\/wp-json\/wp\/v2\/types\/post"}],"author":[{"embeddable":true,"href":"https:\/\/www.radiopresidenteibanez.cl\/web\/wp-json\/wp\/v2\/users\/2"}],"replies":[{"embeddable":true,"href":"https:\/\/www.radiopresidenteibanez.cl\/web\/wp-json\/wp\/v2\/comments?post=1842"}],"version-history":[{"count":0,"href":"https:\/\/www.radiopresidenteibanez.cl\/web\/wp-json\/wp\/v2\/posts\/1842\/revisions"}],"wp:featuredmedia":[{"embeddable":true,"href":"https:\/\/www.radiopresidenteibanez.cl\/web\/wp-json\/wp\/v2\/media\/1843"}],"wp:attachment":[{"href":"https:\/\/www.radiopresidenteibanez.cl\/web\/wp-json\/wp\/v2\/media?parent=1842"}],"wp:term":[{"taxonomy":"category","embeddable":true,"href":"https:\/\/www.radiopresidenteibanez.cl\/web\/wp-json\/wp\/v2\/categories?post=1842"},{"taxonomy":"post_tag","embeddable":true,"href":"https:\/\/www.radiopresidenteibanez.cl\/web\/wp-json\/wp\/v2\/tags?post=1842"}],"curies":[{"name":"wp","href":"https:\/\/api.w.org\/{rel}","templated":true}]}}