{"id":1837,"date":"2019-03-05T13:00:25","date_gmt":"2019-03-05T13:00:25","guid":{"rendered":"http:\/\/www.radiopresidenteibanez.cl\/web\/?p=1837"},"modified":"2019-03-05T13:00:46","modified_gmt":"2019-03-05T13:00:46","slug":"core-aprobo-instructivos-que-regiran-postulaciones-a-los-fondos-6-fndr-deporte-medio-ambiente-social-cultura-y-seguridad-ciudadana-2019","status":"publish","type":"post","link":"https:\/\/www.radiopresidenteibanez.cl\/web\/core-aprobo-instructivos-que-regiran-postulaciones-a-los-fondos-6-fndr-deporte-medio-ambiente-social-cultura-y-seguridad-ciudadana-2019\/","title":{"rendered":"CORE APROB\u00d3 INSTRUCTIVOS QUE REGIR\u00c1N POSTULACIONES A LOS FONDOS 6% FNDR DEPORTE, MEDIO AMBIENTE, SOCIAL, CULTURA Y SEGURIDAD CIUDADANA 2019"},"content":{"rendered":"\n<p>El Consejo Regional de\nMagallanes y de la Ant\u00e1rtica Chilena, aprob\u00f3 este lunes los instructivos para\npostular a los recursos 6% FNDR en las \u00e1reas \u201cDeporte y Elije Vivir Sano\u201d, \u201cProtecci\u00f3n\ndel Medio Ambiente y Educaci\u00f3n Ambiental\u201d, \u201cSocial, programas y Actividades\npara la atenci\u00f3n de Adultos Mayores y personas discapacitadas con dependencia\nsevera, Prevenci\u00f3n y Rehabilitaci\u00f3n de Drogas\u201d, \u201cCultura\u201d y \u201cFondo de Seguridad\nCiudadana\u201d, proceso 2019.<\/p>\n\n\n\n<p>El presidente del CORE,\nTolentino Soto, destac\u00f3 el trabajo efectuado por las comisiones Social, Deporte\ny Medio Ambiente junto a la Direcci\u00f3n de Planificaci\u00f3n y Desarrollo Regional\n(DIPLADER) \u201cla idea es llegar a un mayor n\u00famero de personas a trav\u00e9s de\nformularios menos complejos ya que son recursos inmediatos que sirven a las organizaciones\npara su desarrollo y por tratarse de fondos estatales es importante recordar\nque las rendiciones deben ser ajustadas a las bases\u201d.<\/p>\n\n\n\n<p>Asimismo la presidenta de la comisi\u00f3n\nSocial, Roxana Gallardo, coment\u00f3 que la idea es acercar este concurso a la\ncomunidad entregando bases m\u00e1s amigables \u201clas que hoy existen son bastante\nengorrosas y como resultado de ello nos encontramos con las mismas instituciones\nbeneficiadas, las cuales aprenden como postular y cuentan con profesionales que\nlos asesoran\u201d, manifest\u00f3. <\/p>\n\n\n\n<p>La consejera explic\u00f3 en detalle\nalgunos puntos como \u201cpor ejemplo logramos reducir las p\u00e1ginas de los instructivos\nde 67 a 17 por tanto la informaci\u00f3n solicitada ser\u00e1 mucho menor. Por otro lado\ny como una forma de regularizar, quien no rinda cuenta de la inversi\u00f3n no podr\u00e1\nvolver a postula y aquellos proyectos que sean buenos no quedar\u00e1n fuera por\ndetalles como el uso de palabras t\u00e9cnicas. &nbsp;Tambi\u00e9n a fin de llegar a m\u00e1s organizaciones coincidimos\nal proponer una rebaja en los montos totales asignados a cada iniciativa,\ndejando un m\u00e1ximo de aproximadamente 7 u 8 millones de pesos ya que se trata de\nuna ayuda que permite llevar adelante actividades y no la soluci\u00f3n a los\nproblemas de nadie\u201d, afirm\u00f3. <\/p>\n\n\n\n<p>Las bases estar\u00e1n disponibles pr\u00f3ximamente en la p\u00e1gina del Gobierno Regional de Magallanes, enlace <a href=\"http:\/\/www.goremagallanes.cl\/sitioweb\/FondosFNDR\">http:\/\/www.goremagallanes.cl\/sitioweb\/FondosFNDR<\/a> junto a un tutorial de postulaci\u00f3n en l\u00ednea y los Consejeros Regionales solicitaron a los profesionales de DIPLADER efectuar al menos dos charlas informativas de manera presencial en cada\u00a0 provincia.\u00a0 <\/p>\n\n\n\n<figure class=\"wp-block-image\"><img loading=\"lazy\" decoding=\"async\" width=\"900\" height=\"600\" src=\"https:\/\/www.radiopresidenteibanez.cl\/web\/wp-content\/uploads\/2019\/03\/IMG_7354-1.jpg\" alt=\"\" class=\"wp-image-1839\" srcset=\"https:\/\/www.radiopresidenteibanez.cl\/web\/wp-content\/uploads\/2019\/03\/IMG_7354-1.jpg 900w, https:\/\/www.radiopresidenteibanez.cl\/web\/wp-content\/uploads\/2019\/03\/IMG_7354-1-300x200.jpg 300w, https:\/\/www.radiopresidenteibanez.cl\/web\/wp-content\/uploads\/2019\/03\/IMG_7354-1-768x512.jpg 768w\" sizes=\"auto, (max-width: 900px) 100vw, 900px\" \/><\/figure>\n","protected":false},"excerpt":{"rendered":"<p>El Consejo Regional de Magallanes y de la Ant\u00e1rtica Chilena, aprob\u00f3 este lunes los instructivos para postular a los recursos 6% FNDR en las \u00e1reas \u201cDeporte y Elije Vivir Sano\u201d,&#8230; <a class=\"read-more\" href=\"https:\/\/www.radiopresidenteibanez.cl\/web\/core-aprobo-instructivos-que-regiran-postulaciones-a-los-fondos-6-fndr-deporte-medio-ambiente-social-cultura-y-seguridad-ciudadana-2019\/\">Leer m\u00e1s<\/a><\/p>\n","protected":false},"author":2,"featured_media":1838,"comment_status":"closed","ping_status":"closed","sticky":false,"template":"","format":"standard","meta":{"footnotes":""},"categories":[1],"tags":[],"class_list":["post-1837","post","type-post","status-publish","format-standard","has-post-thumbnail","hentry","category-cronica"],"_links":{"self":[{"href":"https:\/\/www.radiopresidenteibanez.cl\/web\/wp-json\/wp\/v2\/posts\/1837","targetHints":{"allow":["GET"]}}],"collection":[{"href":"https:\/\/www.radiopresidenteibanez.cl\/web\/wp-json\/wp\/v2\/posts"}],"about":[{"href":"https:\/\/www.radiopresidenteibanez.cl\/web\/wp-json\/wp\/v2\/types\/post"}],"author":[{"embeddable":true,"href":"https:\/\/www.radiopresidenteibanez.cl\/web\/wp-json\/wp\/v2\/users\/2"}],"replies":[{"embeddable":true,"href":"https:\/\/www.radiopresidenteibanez.cl\/web\/wp-json\/wp\/v2\/comments?post=1837"}],"version-history":[{"count":0,"href":"https:\/\/www.radiopresidenteibanez.cl\/web\/wp-json\/wp\/v2\/posts\/1837\/revisions"}],"wp:featuredmedia":[{"embeddable":true,"href":"https:\/\/www.radiopresidenteibanez.cl\/web\/wp-json\/wp\/v2\/media\/1838"}],"wp:attachment":[{"href":"https:\/\/www.radiopresidenteibanez.cl\/web\/wp-json\/wp\/v2\/media?parent=1837"}],"wp:term":[{"taxonomy":"category","embeddable":true,"href":"https:\/\/www.radiopresidenteibanez.cl\/web\/wp-json\/wp\/v2\/categories?post=1837"},{"taxonomy":"post_tag","embeddable":true,"href":"https:\/\/www.radiopresidenteibanez.cl\/web\/wp-json\/wp\/v2\/tags?post=1837"}],"curies":[{"name":"wp","href":"https:\/\/api.w.org\/{rel}","templated":true}]}}