{"id":18318,"date":"2021-02-03T22:31:23","date_gmt":"2021-02-03T22:31:23","guid":{"rendered":"https:\/\/www.radiopresidenteibanez.cl\/web\/?p=18318"},"modified":"2021-02-03T22:31:33","modified_gmt":"2021-02-03T22:31:33","slug":"seremi-de-las-culturas-entrega-senaletica-para-la-habilitacion-de-espacios-culturales","status":"publish","type":"post","link":"https:\/\/www.radiopresidenteibanez.cl\/web\/seremi-de-las-culturas-entrega-senaletica-para-la-habilitacion-de-espacios-culturales\/","title":{"rendered":"SEREMI DE LAS CULTURAS ENTREGA SE\u00d1AL\u00c9TICA  PARA LA HABILITACI\u00d3N DE ESPACIOS CULTURALES"},"content":{"rendered":"\n<p>La\nseremi de las Culturas, las Artes y el Patrimonio, Katherine Ibacache, hizo entrega\nal director del museo Marggiorino Borgatello de Punta Arenas, Salvatore Cirillo,\nde un kit de se\u00f1al\u00e9tica especial para la habilitaci\u00f3n\ndel recinto en el contexto de emergencia sanitaria, causada por la\npandemia COVID-19.<\/p>\n\n\n\n<p>El\nespacio, ubicado en calle Bulnes N\u00b0 336, concret\u00f3 su reapertura luego de diez\nmeses cerrado al p\u00fablico como consecuencia de las medidas de precauci\u00f3n\nadoptadas por la autoridad sanitaria.<\/p>\n\n\n\n<p>\u201cCon\nesta se\u00f1al\u00e9tica estamos contribuyendo a cuidarnos del Covid-19. La idea es\neducar a la ciudadan\u00eda y disponer de instrucciones claras en cada espacio\ncultural para su funcionamiento, todo esto considerando aforos m\u00e1ximos,\nprotocolos y disposiciones de la autoridad sanitaria. Queremos espacios\nculturales abiertos, pero con las debidas precauciones\u201d, explic\u00f3 la Seremi\nluego de entregar el conjunto de materiales que incluye cintas de demarcaci\u00f3n de\npiso, volantes informativos, adhesivos que indican aforo m\u00e1ximo y pendones.<\/p>\n\n\n\n<p>El\nDirector del Museo Marggiorino Borgatello, junto con destacar que la habilitaci\u00f3n\ndel recinto es un servicio a la comunidad, destac\u00f3 que han sido adoptadas todas\nlas medidas para que la ciudadan\u00eda asista con tranquilidad. \u201cTenemos un\nprotocolo que presentamos al Servicio de Salud, que fue aprobado despu\u00e9s de\nalgunas observaciones que tuvimos que reparar. Por lo tanto, tiene todos los\nelementos para que las personas vengan con seguridad, tanto como para nosotros\nlos funcionarios, como para el p\u00fablico en general\u201d, precis\u00f3.<\/p>\n\n\n\n<p>La apertura del Museo Borgatello durante la\npresente semana ser\u00e1 en calidad de marcha blanca, para efectuar una evaluaci\u00f3n\nel pr\u00f3ximo lunes. El horario de atenci\u00f3n ser\u00e1 de 10.00 a 12.30 y 15.00 a 17.30\nhoras, de lunes a viernes. El valor de la entrada general es de 3.000 pesos;\nni\u00f1as y ni\u00f1os, hasta los 14 a\u00f1os de edad, $ 200 y estudiantes, $ 500.<\/p>\n\n\n\n<p>Colecciones etnogr\u00e1ficas, historia, flora y fauna de la\nPatagonia, entre otros, es posible conocer y descubrir en este espacio\ndestinado a la cultura y fundado en el a\u00f1o 1893 por los Misioneros Salesianos.<\/p>\n","protected":false},"excerpt":{"rendered":"<p>La seremi de las Culturas, las Artes y el Patrimonio, Katherine Ibacache, hizo entrega al director del museo Marggiorino Borgatello de Punta Arenas, Salvatore Cirillo, de un kit de se\u00f1al\u00e9tica&#8230; <a class=\"read-more\" href=\"https:\/\/www.radiopresidenteibanez.cl\/web\/seremi-de-las-culturas-entrega-senaletica-para-la-habilitacion-de-espacios-culturales\/\">Leer m\u00e1s<\/a><\/p>\n","protected":false},"author":2,"featured_media":18319,"comment_status":"closed","ping_status":"closed","sticky":false,"template":"","format":"standard","meta":{"footnotes":""},"categories":[1],"tags":[],"class_list":["post-18318","post","type-post","status-publish","format-standard","has-post-thumbnail","hentry","category-cronica"],"_links":{"self":[{"href":"https:\/\/www.radiopresidenteibanez.cl\/web\/wp-json\/wp\/v2\/posts\/18318","targetHints":{"allow":["GET"]}}],"collection":[{"href":"https:\/\/www.radiopresidenteibanez.cl\/web\/wp-json\/wp\/v2\/posts"}],"about":[{"href":"https:\/\/www.radiopresidenteibanez.cl\/web\/wp-json\/wp\/v2\/types\/post"}],"author":[{"embeddable":true,"href":"https:\/\/www.radiopresidenteibanez.cl\/web\/wp-json\/wp\/v2\/users\/2"}],"replies":[{"embeddable":true,"href":"https:\/\/www.radiopresidenteibanez.cl\/web\/wp-json\/wp\/v2\/comments?post=18318"}],"version-history":[{"count":0,"href":"https:\/\/www.radiopresidenteibanez.cl\/web\/wp-json\/wp\/v2\/posts\/18318\/revisions"}],"wp:featuredmedia":[{"embeddable":true,"href":"https:\/\/www.radiopresidenteibanez.cl\/web\/wp-json\/wp\/v2\/media\/18319"}],"wp:attachment":[{"href":"https:\/\/www.radiopresidenteibanez.cl\/web\/wp-json\/wp\/v2\/media?parent=18318"}],"wp:term":[{"taxonomy":"category","embeddable":true,"href":"https:\/\/www.radiopresidenteibanez.cl\/web\/wp-json\/wp\/v2\/categories?post=18318"},{"taxonomy":"post_tag","embeddable":true,"href":"https:\/\/www.radiopresidenteibanez.cl\/web\/wp-json\/wp\/v2\/tags?post=18318"}],"curies":[{"name":"wp","href":"https:\/\/api.w.org\/{rel}","templated":true}]}}