{"id":18315,"date":"2021-02-03T22:29:33","date_gmt":"2021-02-03T22:29:33","guid":{"rendered":"https:\/\/www.radiopresidenteibanez.cl\/web\/?p=18315"},"modified":"2021-02-03T22:29:38","modified_gmt":"2021-02-03T22:29:38","slug":"candidata-a-constituyente-silvana-camelio-inicia-recorrido-de-la-region","status":"publish","type":"post","link":"https:\/\/www.radiopresidenteibanez.cl\/web\/candidata-a-constituyente-silvana-camelio-inicia-recorrido-de-la-region\/","title":{"rendered":"CANDIDATA A CONSTITUYENTE SILVANA CAMELIO INICIA RECORRIDO DE LA REGI\u00d3N"},"content":{"rendered":"\n<p>Cumpliendo todas las normas sanitarias, y previa\nautorizaci\u00f3n de la autoridad de salud, la deportista Silvana Camelio inici\u00f3 el\nrecorrido por la Regi\u00f3n de Magallanes para dar a conocer sus propuestas como\ncandidata en materia constitucional. La primera comuna en visitar fue Puerto\nNatales en la provincia de \u00daltima Esperanza.<\/p>\n\n\n\n<p>Silvana Camelio, que cuenta con una exitosa y destacable\ncarrera deportiva, decidi\u00f3 poner a disposici\u00f3n de la regi\u00f3n, sus talentos y\nconocimientos al presentarse como Candidata a Convencional Constituyente en\nrepresentaci\u00f3n por la Regi\u00f3n de Magallanes.<\/p>\n\n\n\n<p>Convencida de que la representaci\u00f3n implica un profundo\nconocimiento de las necesidades y problem\u00e1ticas regionales, decidi\u00f3 comenzar su\ngira en la comuna de Puerto Natales.<\/p>\n\n\n\n<p>Al consultarle por sus motivaciones para iniciar este nuevo\ndesaf\u00edo electoral se\u00f1al\u00f3, \u201cFueron muchas horas de reflexi\u00f3n, pero como\ndeportista y magall\u00e1nica quiero aportar desde un punto de vista diferente, el\ndel ciudadano com\u00fan, el que jam\u00e1s ha participado en pol\u00edtica\u201d.<\/p>\n\n\n\n<p>En su visita a la comuna sostuvo entrevistas con distintos\nmedios de prensa locales, enfatizando sus propuestas en descentralizaci\u00f3n, la\npreservaci\u00f3n del medio ambiente, el fomento del deporte y la perspectiva de\ng\u00e9nero en una nueva Constituci\u00f3n.<\/p>\n\n\n\n<p>Sobre esto \u00faltimo, la destacada deportista se\u00f1al\u00f3 \u201cCuando\nera joven nunca tuve la oportunidad de representar a mi pa\u00eds en un equipo\nfemenino.\u201d agregando que la nueva Constituci\u00f3n debe poner fin a los abusos y la\ndiscriminaci\u00f3n.<\/p>\n\n\n\n<p>Ni la lluvia ni el viento fueron obst\u00e1culos para que\nSilvana, se conecte telem\u00e1ticamente, incluso, desde la Plaza de Armas de la\nciudad con los medios de prensa de natalinos. <\/p>\n\n\n\n<p>Durante la tarde se reuni\u00f3 con los candidatos a Concejales\nde Ev\u00f3poli por dicha comuna para conocer sus motivaciones y las necesidades\nlocales.<\/p>\n","protected":false},"excerpt":{"rendered":"<p>Cumpliendo todas las normas sanitarias, y previa autorizaci\u00f3n de la autoridad de salud, la deportista Silvana Camelio inici\u00f3 el recorrido por la Regi\u00f3n de Magallanes para dar a conocer sus&#8230; <a class=\"read-more\" href=\"https:\/\/www.radiopresidenteibanez.cl\/web\/candidata-a-constituyente-silvana-camelio-inicia-recorrido-de-la-region\/\">Leer m\u00e1s<\/a><\/p>\n","protected":false},"author":2,"featured_media":18316,"comment_status":"closed","ping_status":"closed","sticky":false,"template":"","format":"standard","meta":{"footnotes":""},"categories":[5],"tags":[],"class_list":["post-18315","post","type-post","status-publish","format-standard","has-post-thumbnail","hentry","category-politica"],"_links":{"self":[{"href":"https:\/\/www.radiopresidenteibanez.cl\/web\/wp-json\/wp\/v2\/posts\/18315","targetHints":{"allow":["GET"]}}],"collection":[{"href":"https:\/\/www.radiopresidenteibanez.cl\/web\/wp-json\/wp\/v2\/posts"}],"about":[{"href":"https:\/\/www.radiopresidenteibanez.cl\/web\/wp-json\/wp\/v2\/types\/post"}],"author":[{"embeddable":true,"href":"https:\/\/www.radiopresidenteibanez.cl\/web\/wp-json\/wp\/v2\/users\/2"}],"replies":[{"embeddable":true,"href":"https:\/\/www.radiopresidenteibanez.cl\/web\/wp-json\/wp\/v2\/comments?post=18315"}],"version-history":[{"count":0,"href":"https:\/\/www.radiopresidenteibanez.cl\/web\/wp-json\/wp\/v2\/posts\/18315\/revisions"}],"wp:featuredmedia":[{"embeddable":true,"href":"https:\/\/www.radiopresidenteibanez.cl\/web\/wp-json\/wp\/v2\/media\/18316"}],"wp:attachment":[{"href":"https:\/\/www.radiopresidenteibanez.cl\/web\/wp-json\/wp\/v2\/media?parent=18315"}],"wp:term":[{"taxonomy":"category","embeddable":true,"href":"https:\/\/www.radiopresidenteibanez.cl\/web\/wp-json\/wp\/v2\/categories?post=18315"},{"taxonomy":"post_tag","embeddable":true,"href":"https:\/\/www.radiopresidenteibanez.cl\/web\/wp-json\/wp\/v2\/tags?post=18315"}],"curies":[{"name":"wp","href":"https:\/\/api.w.org\/{rel}","templated":true}]}}