{"id":18312,"date":"2021-02-03T22:26:33","date_gmt":"2021-02-03T22:26:33","guid":{"rendered":"https:\/\/www.radiopresidenteibanez.cl\/web\/?p=18312"},"modified":"2021-02-03T22:26:38","modified_gmt":"2021-02-03T22:26:38","slug":"dialogos-con-sentido-un-nuevo-espacio-de-encuentro-virtual-para-relevar-tematicas-como-la-educacion-identidad-cultural-y-territorio","status":"publish","type":"post","link":"https:\/\/www.radiopresidenteibanez.cl\/web\/dialogos-con-sentido-un-nuevo-espacio-de-encuentro-virtual-para-relevar-tematicas-como-la-educacion-identidad-cultural-y-territorio\/","title":{"rendered":"\u201cDI\u00c1LOGOS CON SENTIDO\u201d: UN NUEVO ESPACIO DE ENCUENTRO VIRTUAL PARA RELEVAR TEM\u00c1TICAS COMO LA EDUCACI\u00d3N, IDENTIDAD CULTURAL Y TERRITORIO"},"content":{"rendered":"\n<p>\u201cVamos a\nabrir este nuevo espacio de conversaci\u00f3n donde queremos tener invitados e\ninvitadas que sean de inter\u00e9s, para poder tratar tem\u00e1ticas que sean de\nrelevancia para la ciudadan\u00eda, poder reflexionar y profundizar sobre cu\u00e1les son\nlas cosas que nos est\u00e1n pasando como pa\u00eds, como sociedad, y obviamente ir\nconstruyendo los caminos para un pa\u00eds distinto\u201d, explic\u00f3 Pablo Cifuentes\nVladilo sobre la motivaci\u00f3n de iniciar este ciclo de conversatorios. <\/p>\n\n\n\n<p>Todos los\njueves a las 20:00 horas es la cita para encontrarse en la plataforma Facebook\nde las redes de la Coordinadora Social Magallanes, Rapromag &#8211; Red Aut\u00f3noma de\nprofesoras y profesores de Magallanes y de Pablo Cifuentes Vladilo &#8211; Candidato\nConstituyente. <\/p>\n\n\n\n<p>En la\nprimera edici\u00f3n las invitadas fueron Mar\u00eda Paz Calabrano, artista y gestora\ncultural de la red de intermediaci\u00f3n Liquenlab, junto a Emilia Macchi, de la\nFundaci\u00f3n Plagio, productora del concurso literario Magallanes en 100 palabras,\nquienes abordaron los desaf\u00edos actuales de la cultura y las artes en \u00e1mbitos\ncomo la educaci\u00f3n o la necesidad de reconocer el impacto de este tipo de\niniciativas en comunidades apartadas de la regi\u00f3n. <\/p>\n\n\n\n<p>Para este\njueves 4 de febrero las tem\u00e1ticas a tratar ser\u00e1n los derechos de los animales,\ntenencia responsable y educaci\u00f3n, con la participaci\u00f3n de Margarita C\u00e1ceres, de\nla Agrupaci\u00f3n Vida; Rodrigo Iriarte, del Centro de Estudios Ken\u00e9nik; y Fabiana\nVivar, de Organizaci\u00f3n Pana Callejero. <\/p>\n\n\n\n<p>\u201cDi\u00e1logos\ncon sentido\u201d se suma a otros encuentros virtuales con j\u00f3venes para conocer\ninquietudes y temas de inter\u00e9s que puedan ser abordados en el proceso de\nelaboraci\u00f3n de una nueva Constituci\u00f3n para el pa\u00eds. Interesados en participar\nen estos cabildos ciudadanos virtuales pueden informar y contactarse en las\nredes sociales Facebook Pablo Cifuentes \u2013 Candidato Constituyente, y en\nInstagram en @pablocifuentes.constituyente<\/p>\n","protected":false},"excerpt":{"rendered":"<p>\u201cVamos a abrir este nuevo espacio de conversaci\u00f3n donde queremos tener invitados e invitadas que sean de inter\u00e9s, para poder tratar tem\u00e1ticas que sean de relevancia para la ciudadan\u00eda, poder&#8230; <a class=\"read-more\" href=\"https:\/\/www.radiopresidenteibanez.cl\/web\/dialogos-con-sentido-un-nuevo-espacio-de-encuentro-virtual-para-relevar-tematicas-como-la-educacion-identidad-cultural-y-territorio\/\">Leer m\u00e1s<\/a><\/p>\n","protected":false},"author":2,"featured_media":18313,"comment_status":"closed","ping_status":"closed","sticky":false,"template":"","format":"standard","meta":{"footnotes":""},"categories":[1],"tags":[],"class_list":["post-18312","post","type-post","status-publish","format-standard","has-post-thumbnail","hentry","category-cronica"],"_links":{"self":[{"href":"https:\/\/www.radiopresidenteibanez.cl\/web\/wp-json\/wp\/v2\/posts\/18312","targetHints":{"allow":["GET"]}}],"collection":[{"href":"https:\/\/www.radiopresidenteibanez.cl\/web\/wp-json\/wp\/v2\/posts"}],"about":[{"href":"https:\/\/www.radiopresidenteibanez.cl\/web\/wp-json\/wp\/v2\/types\/post"}],"author":[{"embeddable":true,"href":"https:\/\/www.radiopresidenteibanez.cl\/web\/wp-json\/wp\/v2\/users\/2"}],"replies":[{"embeddable":true,"href":"https:\/\/www.radiopresidenteibanez.cl\/web\/wp-json\/wp\/v2\/comments?post=18312"}],"version-history":[{"count":0,"href":"https:\/\/www.radiopresidenteibanez.cl\/web\/wp-json\/wp\/v2\/posts\/18312\/revisions"}],"wp:featuredmedia":[{"embeddable":true,"href":"https:\/\/www.radiopresidenteibanez.cl\/web\/wp-json\/wp\/v2\/media\/18313"}],"wp:attachment":[{"href":"https:\/\/www.radiopresidenteibanez.cl\/web\/wp-json\/wp\/v2\/media?parent=18312"}],"wp:term":[{"taxonomy":"category","embeddable":true,"href":"https:\/\/www.radiopresidenteibanez.cl\/web\/wp-json\/wp\/v2\/categories?post=18312"},{"taxonomy":"post_tag","embeddable":true,"href":"https:\/\/www.radiopresidenteibanez.cl\/web\/wp-json\/wp\/v2\/tags?post=18312"}],"curies":[{"name":"wp","href":"https:\/\/api.w.org\/{rel}","templated":true}]}}