{"id":1831,"date":"2019-03-04T15:46:23","date_gmt":"2019-03-04T15:46:23","guid":{"rendered":"http:\/\/www.radiopresidenteibanez.cl\/web\/?p=1831"},"modified":"2019-03-04T15:47:07","modified_gmt":"2019-03-04T15:47:07","slug":"en-dependencias-de-la-intendencia-se-realizo-desayuno-con-mujeres-destacadas-por-el-sernameg","status":"publish","type":"post","link":"https:\/\/www.radiopresidenteibanez.cl\/web\/en-dependencias-de-la-intendencia-se-realizo-desayuno-con-mujeres-destacadas-por-el-sernameg\/","title":{"rendered":"EN DEPENDENCIAS DE LA INTENDENCIA SE REALIZ\u00d3 DESAYUNO CON MUJERES DESTACADAS POR EL SERNAMEG"},"content":{"rendered":"\n<p>En horas de esta ma\u00f1ana, en dependencias de la Intendencia Regional de Magallanes, se realiz\u00f3 el desayuno con mujeres destacadas por el Senameg, en la oportunidad particip\u00f3 el Intendente, Jos\u00e9 Fern\u00e1ndez, la seremi de Gobierno, Alejandra Mu\u00f1oz y la seremi de la Mujer y Equidad de G\u00e9nero, Patricia Mackenney, entre otros.<\/p>\n\n\n\n<ul class=\"wp-block-gallery columns-2 is-cropped wp-block-gallery-1 is-layout-flex wp-block-gallery-is-layout-flex\"><li class=\"blocks-gallery-item\"><figure><img loading=\"lazy\" decoding=\"async\" width=\"1024\" height=\"683\" src=\"https:\/\/www.radiopresidenteibanez.cl\/web\/wp-content\/uploads\/2019\/03\/IMG-20190304-WA0009-1024x683.jpg\" alt=\"\" data-id=\"1832\" data-link=\"https:\/\/www.radiopresidenteibanez.cl\/web\/?attachment_id=1832\" class=\"wp-image-1832\" srcset=\"https:\/\/www.radiopresidenteibanez.cl\/web\/wp-content\/uploads\/2019\/03\/IMG-20190304-WA0009-1024x683.jpg 1024w, https:\/\/www.radiopresidenteibanez.cl\/web\/wp-content\/uploads\/2019\/03\/IMG-20190304-WA0009-300x200.jpg 300w, https:\/\/www.radiopresidenteibanez.cl\/web\/wp-content\/uploads\/2019\/03\/IMG-20190304-WA0009-768x512.jpg 768w, https:\/\/www.radiopresidenteibanez.cl\/web\/wp-content\/uploads\/2019\/03\/IMG-20190304-WA0009.jpg 1280w\" sizes=\"auto, (max-width: 1024px) 100vw, 1024px\" \/><\/figure><\/li><li class=\"blocks-gallery-item\"><figure><img loading=\"lazy\" decoding=\"async\" width=\"1024\" height=\"683\" src=\"https:\/\/www.radiopresidenteibanez.cl\/web\/wp-content\/uploads\/2019\/03\/IMG-20190304-WA0011-1024x683.jpg\" alt=\"\" data-id=\"1833\" data-link=\"https:\/\/www.radiopresidenteibanez.cl\/web\/?attachment_id=1833\" class=\"wp-image-1833\" srcset=\"https:\/\/www.radiopresidenteibanez.cl\/web\/wp-content\/uploads\/2019\/03\/IMG-20190304-WA0011-1024x683.jpg 1024w, https:\/\/www.radiopresidenteibanez.cl\/web\/wp-content\/uploads\/2019\/03\/IMG-20190304-WA0011-300x200.jpg 300w, https:\/\/www.radiopresidenteibanez.cl\/web\/wp-content\/uploads\/2019\/03\/IMG-20190304-WA0011-768x512.jpg 768w, https:\/\/www.radiopresidenteibanez.cl\/web\/wp-content\/uploads\/2019\/03\/IMG-20190304-WA0011.jpg 1280w\" sizes=\"auto, (max-width: 1024px) 100vw, 1024px\" \/><\/figure><\/li><li class=\"blocks-gallery-item\"><figure><img loading=\"lazy\" decoding=\"async\" width=\"1024\" height=\"683\" src=\"https:\/\/www.radiopresidenteibanez.cl\/web\/wp-content\/uploads\/2019\/03\/IMG-20190304-WA0012-1024x683.jpg\" alt=\"\" data-id=\"1834\" data-link=\"https:\/\/www.radiopresidenteibanez.cl\/web\/?attachment_id=1834\" class=\"wp-image-1834\" srcset=\"https:\/\/www.radiopresidenteibanez.cl\/web\/wp-content\/uploads\/2019\/03\/IMG-20190304-WA0012-1024x683.jpg 1024w, https:\/\/www.radiopresidenteibanez.cl\/web\/wp-content\/uploads\/2019\/03\/IMG-20190304-WA0012-300x200.jpg 300w, https:\/\/www.radiopresidenteibanez.cl\/web\/wp-content\/uploads\/2019\/03\/IMG-20190304-WA0012-768x512.jpg 768w, https:\/\/www.radiopresidenteibanez.cl\/web\/wp-content\/uploads\/2019\/03\/IMG-20190304-WA0012.jpg 1280w\" sizes=\"auto, (max-width: 1024px) 100vw, 1024px\" \/><\/figure><\/li><\/ul>\n","protected":false},"excerpt":{"rendered":"<p>En horas de esta ma\u00f1ana, en dependencias de la Intendencia Regional de Magallanes, se realiz\u00f3 el desayuno con mujeres destacadas por el Senameg, en la oportunidad particip\u00f3 el Intendente, Jos\u00e9&#8230; <a class=\"read-more\" href=\"https:\/\/www.radiopresidenteibanez.cl\/web\/en-dependencias-de-la-intendencia-se-realizo-desayuno-con-mujeres-destacadas-por-el-sernameg\/\">Leer m\u00e1s<\/a><\/p>\n","protected":false},"author":2,"featured_media":1833,"comment_status":"closed","ping_status":"closed","sticky":false,"template":"","format":"standard","meta":{"footnotes":""},"categories":[1],"tags":[],"class_list":["post-1831","post","type-post","status-publish","format-standard","has-post-thumbnail","hentry","category-cronica"],"_links":{"self":[{"href":"https:\/\/www.radiopresidenteibanez.cl\/web\/wp-json\/wp\/v2\/posts\/1831","targetHints":{"allow":["GET"]}}],"collection":[{"href":"https:\/\/www.radiopresidenteibanez.cl\/web\/wp-json\/wp\/v2\/posts"}],"about":[{"href":"https:\/\/www.radiopresidenteibanez.cl\/web\/wp-json\/wp\/v2\/types\/post"}],"author":[{"embeddable":true,"href":"https:\/\/www.radiopresidenteibanez.cl\/web\/wp-json\/wp\/v2\/users\/2"}],"replies":[{"embeddable":true,"href":"https:\/\/www.radiopresidenteibanez.cl\/web\/wp-json\/wp\/v2\/comments?post=1831"}],"version-history":[{"count":0,"href":"https:\/\/www.radiopresidenteibanez.cl\/web\/wp-json\/wp\/v2\/posts\/1831\/revisions"}],"wp:featuredmedia":[{"embeddable":true,"href":"https:\/\/www.radiopresidenteibanez.cl\/web\/wp-json\/wp\/v2\/media\/1833"}],"wp:attachment":[{"href":"https:\/\/www.radiopresidenteibanez.cl\/web\/wp-json\/wp\/v2\/media?parent=1831"}],"wp:term":[{"taxonomy":"category","embeddable":true,"href":"https:\/\/www.radiopresidenteibanez.cl\/web\/wp-json\/wp\/v2\/categories?post=1831"},{"taxonomy":"post_tag","embeddable":true,"href":"https:\/\/www.radiopresidenteibanez.cl\/web\/wp-json\/wp\/v2\/tags?post=1831"}],"curies":[{"name":"wp","href":"https:\/\/api.w.org\/{rel}","templated":true}]}}