{"id":18248,"date":"2021-01-01T03:00:00","date_gmt":"2021-01-01T03:00:00","guid":{"rendered":"https:\/\/www.radiopresidenteibanez.cl\/web\/?p=18248"},"modified":"2021-01-31T16:50:54","modified_gmt":"2021-01-31T16:50:54","slug":"comenzaron-las-obras-de-la-nueva-sede-para-el-maxibasquetbol-gracias-a-iniciativa-municipal","status":"publish","type":"post","link":"https:\/\/www.radiopresidenteibanez.cl\/web\/comenzaron-las-obras-de-la-nueva-sede-para-el-maxibasquetbol-gracias-a-iniciativa-municipal\/","title":{"rendered":"COMENZARON LAS OBRAS DE LA NUEVA SEDE PARA EL MAXIB\u00c1SQUETBOL GRACIAS A INICIATIVA MUNICIPAL"},"content":{"rendered":"\n<p>El pasado 26 de enero, se instal\u00f3 la primera piedra de lo que ser\u00e1 la nueva sede para el Maxib\u00e1squetbol en Punta Arenas, lugar anhelado por los m\u00e1s de 400 exponentes que actualmente tiene dicha Asociaci\u00f3n en Magallanes.<\/p>\n\n\n\n<p>Es por eso, que el Alcalde Claudio Radonich y el Presidente de la Asociaci\u00f3n Regional del Maxib\u00e1squetbol, dieron inicio oficial a las obras emplazadas en la esquina de las Calles Vicente P\u00e9rez y Juan Esteban Osorio.<\/p>\n\n\n\n<p>\u201cEsta ser\u00e1 una nueva sede para un deporte glorioso, como es el Basquetbol, en un momento en el que despedimos a uno de sus representantes, Leoncio Urra, gran exponente y que marc\u00f3 generaciones de este deporte\u201d, comenz\u00f3 diciendo el jefe comunal.<\/p>\n\n\n\n<p>Posteriormente, Radonich agreg\u00f3 que \u201cestamos poniendo la primera piedra de esta sede de dos pisos para el Maxib\u00e1squetbol. Una liga muy potente y con muchos clubes, quienes hace muchos a\u00f1os buscaban tener un lugar de encuentro y planificaci\u00f3n, por tanto era importante que contaran con este espacio\u201d.<\/p>\n\n\n\n<p>En tanto, Arnoldo Contreras, presidente de la Asociaci\u00f3n de Maxib\u00e1squetbol, manifest\u00f3 estar muy contento con el proyecto, a\u00f1adiendo que \u201cdesde ahora tendremos un lugar donde juntarnos, reunirnos y asociarnos\u201d.<\/p>\n\n\n\n<p>De igual forma, Contreras explic\u00f3 que \u201cactualmente, tenemos 450 socios distribuidos en 7 clubes y diferentes edades competitivas\u201d.<\/p>\n\n\n\n<p>El proyecto municipal fue aprobado por un total de 185 millones de pesos, los cuales fueron aportados por el Gobierno Regional (FNDR), y el espacio para la sede cuenta con una superficie construida de 132 metros cuadrados, los que incluyen oficinas, mobiliario adecuado, cocina y diversos espacios para las actividades propias de dicha Asociaci\u00f3n Deportiva.<\/p>\n\n\n\n<p>Finalmente, la primera autoridad de la comuna, dijo que \u201cesperamos entregar esta obra en agosto o septiembre de este a\u00f1o 2021, as\u00ed que para todos los basquetbolistas, este lugar ser\u00e1 su casa\u201d.<\/p>\n","protected":false},"excerpt":{"rendered":"<p>El pasado 26 de enero, se instal\u00f3 la primera piedra de lo que ser\u00e1 la nueva sede para el Maxib\u00e1squetbol en Punta Arenas, lugar anhelado por los m\u00e1s de 400&#8230; <a class=\"read-more\" href=\"https:\/\/www.radiopresidenteibanez.cl\/web\/comenzaron-las-obras-de-la-nueva-sede-para-el-maxibasquetbol-gracias-a-iniciativa-municipal\/\">Leer m\u00e1s<\/a><\/p>\n","protected":false},"author":2,"featured_media":18249,"comment_status":"closed","ping_status":"closed","sticky":false,"template":"","format":"standard","meta":{"footnotes":""},"categories":[1],"tags":[],"class_list":["post-18248","post","type-post","status-publish","format-standard","has-post-thumbnail","hentry","category-cronica"],"_links":{"self":[{"href":"https:\/\/www.radiopresidenteibanez.cl\/web\/wp-json\/wp\/v2\/posts\/18248","targetHints":{"allow":["GET"]}}],"collection":[{"href":"https:\/\/www.radiopresidenteibanez.cl\/web\/wp-json\/wp\/v2\/posts"}],"about":[{"href":"https:\/\/www.radiopresidenteibanez.cl\/web\/wp-json\/wp\/v2\/types\/post"}],"author":[{"embeddable":true,"href":"https:\/\/www.radiopresidenteibanez.cl\/web\/wp-json\/wp\/v2\/users\/2"}],"replies":[{"embeddable":true,"href":"https:\/\/www.radiopresidenteibanez.cl\/web\/wp-json\/wp\/v2\/comments?post=18248"}],"version-history":[{"count":0,"href":"https:\/\/www.radiopresidenteibanez.cl\/web\/wp-json\/wp\/v2\/posts\/18248\/revisions"}],"wp:featuredmedia":[{"embeddable":true,"href":"https:\/\/www.radiopresidenteibanez.cl\/web\/wp-json\/wp\/v2\/media\/18249"}],"wp:attachment":[{"href":"https:\/\/www.radiopresidenteibanez.cl\/web\/wp-json\/wp\/v2\/media?parent=18248"}],"wp:term":[{"taxonomy":"category","embeddable":true,"href":"https:\/\/www.radiopresidenteibanez.cl\/web\/wp-json\/wp\/v2\/categories?post=18248"},{"taxonomy":"post_tag","embeddable":true,"href":"https:\/\/www.radiopresidenteibanez.cl\/web\/wp-json\/wp\/v2\/tags?post=18248"}],"curies":[{"name":"wp","href":"https:\/\/api.w.org\/{rel}","templated":true}]}}