{"id":18188,"date":"2021-01-30T02:45:00","date_gmt":"2021-01-30T02:45:00","guid":{"rendered":"https:\/\/www.radiopresidenteibanez.cl\/web\/?p=18188"},"modified":"2021-01-29T14:36:48","modified_gmt":"2021-01-29T14:36:48","slug":"autoridades-regionales-y-policias-entregan-solucion-a-vecinos-del-sector-pueblos-unidos","status":"publish","type":"post","link":"https:\/\/www.radiopresidenteibanez.cl\/web\/autoridades-regionales-y-policias-entregan-solucion-a-vecinos-del-sector-pueblos-unidos\/","title":{"rendered":"AUTORIDADES REGIONALES Y POLIC\u00cdAS ENTREGAN SOLUCI\u00d3N A VECINOS DEL SECTOR PUEBLOS UNIDOS"},"content":{"rendered":"\n<p>Una\nserie de reuniones, lideradas por el gobernador Alejandro V\u00e1squez, se\ndesarroll\u00f3 a ra\u00edz de la manifestaci\u00f3n que realizaran vecinos y vecinas del\nsector \u201cPueblos Unidos\u201d de nuestra ciudad el d\u00eda 09 de enero, llamando la\natenci\u00f3n de las autoridades a trav\u00e9s de una manifestaci\u00f3n pac\u00edfica, sobre\nalgunos problemas referentes a situaciones irregulares con normativas de\narriendos de Serviu y otras de seguridad que estaban afect\u00e1ndolos en la vida\ncotidiana. <\/p>\n\n\n\n<p>En\nla primera reuni\u00f3n, realizada en la gobernaci\u00f3n el d\u00eda 10 de enero, las\npersonas expusieron, ante las autoridades, en forma detallada los problemas que\nles aflig\u00edan y las razones que les llevaron a tomar la determinaci\u00f3n de\nexpresar su descontento p\u00fablicamente y las consiguientes demandas asociadas. Principalmente las\nsituaciones que generaron conflicto, se relacionan con viviendas sociales que\nno han cumplido con el tiempo m\u00ednimo de ocupaci\u00f3n (5 a\u00f1os), cuyos propietarios\nlas tienen en arriendo o les han dado otro uso; adem\u00e1s de fiestas y ruidos\nmolestos hasta altas horas de la madrugada que, en algunos casos, han derivado\nen tener que llevar a integrantes del grupo familiar a otro sector, con otros\nmiembros de la familia o amistades; denuncias por micro tr\u00e1fico de drogas en\nalgunos sectores, entre otras.<\/p>\n\n\n\n<p>En la\nsegunda ocasi\u00f3n, el d\u00eda 11 de enero, la reuni\u00f3n tuvo lugar en la Sede vecinal\ndel sector, participaron junto a los vecinos\/as, el gobernador Alejandro\nV\u00e1squez, el alcalde Claudio Radonich, los concejales Arturo D\u00edaz, Germ\u00e1n\nFlores, Mauricio Bahamondes, Juan\nPablo&nbsp;Draguicevic, la Coordinadora de Seguridad P\u00fablica Pamela\nFlores, Coordinador de Seguridad\nP\u00fablica de la Comuna de Punta Arenas, la consejera Roxana Gallardo y representantes\nde ambas polic\u00edas, PDI y Carabineros. Adem\u00e1s de lo se\u00f1alado en la reuni\u00f3n\nprevia, se levantaron antecedentes referentes\na situaciones de amenazas y de aparente tr\u00e1fico de drogas.<\/p>\n\n\n\n<p>Tanto la Polic\u00eda de Investigaciones, como Carabineros, cada uno de los\nConcejales que particip\u00f3, Consejera regional, Coordinadores de Seguridad\nP\u00fablica, as\u00ed como el Gobernador provincial y el Alcalde, expusieron sus puntos\nde vista ante los vecinos, coincidieron y resaltaron la importancia de\ndenunciar, destacando la valent\u00eda de cada una\/o de las personas involucradas. y\nel an\u00e1lisis de soluciones a sus requerimientos por parte de los servicios\nrelacionados.<\/p>\n\n\n\n<p>En la tercera ocasi\u00f3n, la reuni\u00f3n fue entre la autoridad provincial,\nalcalde, abogado de la municipalidad, Carabineros, Polic\u00eda de Investigaciones,\nCoordinadora de Seguridad P\u00fablica y Fiscal\u00eda, y fue en esa ocasi\u00f3n en que se\ntomaron acuerdos que, en una cuarta oportunidad, se convoca a Reuni\u00f3n de\nSeguridad P\u00fablica para informar a las vecinas afectadas y presidente de JJVV\nPueblos Originarios de las medidas adoptadas por los servicios involucrados.<\/p>\n\n\n\n<p>La respuesta de las autoridades fue un\u00e1nime en cuanto al apoyo y\nprotecci\u00f3n hacia la comunidad. El gobernador V\u00e1squez expres\u00f3 que \u201cfue muy\nimportante escuchar a las personas afectadas para saber lo que les ocurre. La\ndisposici\u00f3n de todas las autoridades que participamos de las reuniones, fue\nsiempre de analizar c\u00f3mo ayudamos a las personas que est\u00e1n afectadas\u201d y las\nllam\u00f3 a estar en un plano de confianza \u201cde aqu\u00ed en adelante tienen el\ncompromiso de todos los que est\u00e1n presentes, estamos aqu\u00ed por eso, les pido que\ntengan confianza, estamos de su lado y trabajaremos en los errores que se\npueden haber cometido y de evitar que sigan ocurriendo cosas que no deber\u00edan\nsuceder\u201d, expres\u00f3 en dicha ocasi\u00f3n el gobernador V\u00e1squez, dirigi\u00e9ndose a las\npersonas afectadas.<\/p>\n\n\n\n<p>Asimismo, el alcalde Claudio Radonich les manifest\u00f3 que \u201custedes tienen\nque seguir en el camino de la denuncia y nosotros tenemos la obligaci\u00f3n de\nprotegerlos\u201d. En la misma oportunidad, el alcalde inform\u00f3 que a las 7 familias\ndenunciantes se les har\u00eda entrega de dispositivos de p\u00e1nico para mantenerlas\nconectadas a los organismos de seguridad en caso de cualquier emergencia y les\nfacilit\u00f3 asesor\u00eda legal para realizar sus denuncias o demandas, a trav\u00e9s del\nabogado de la Municipalidad, Michael Furniss.<\/p>\n\n\n\n<p>Tanto Fiscal\u00eda, Carabineros, como PDI y Seguridad P\u00fablica, atentos a\nlas necesidades de los vecinos en materia de seguridad, se comprometieron a\nrealizar una revisi\u00f3n de los sucesos denunciados y de los procedimientos, y a\nreforzar la vigilancia en el sector, &nbsp;reducir el delito y la sensaci\u00f3n de\ninseguridad a la que se han visto expuestos. La informaci\u00f3n que los propios\nvecinos entregan son datos de primera fuente, con los cuales las polic\u00edas podr\u00e1n\ninvestigar, ya que son ellos y ellas quienes mejor conocen la realidad de su\nbarrio. Por su parte, la coordinadora de Seguridad P\u00fablica puso a disposici\u00f3n\nla atenci\u00f3n del Centro de Apoyo a V\u00edctimas para cubrir las necesidades de las\npersonas afectadas.<\/p>\n\n\n\n<p>La \u00faltima reuni\u00f3n tuvo lugar el 20 de enero de 2021, en la que se\ninform\u00f3 a vecinas y vecinos del sector acerca de las acciones y medidas\nconcretas que se han tomado desde la presentaci\u00f3n de sus demandas. Es as\u00ed que\npodemos informar que Carabineros, Polic\u00eda de Investigaciones, Seguridad P\u00fablica\ny Armada de Chile, han robustecido la realizaci\u00f3n de patrullajes coordinados\nentre dichas instituciones. La oficina comunitaria de Carabineros, mantiene,\nadem\u00e1s, contacto permanente con las afectadas. La PDI acord\u00f3 dar prioridad a\nlos llamados del sector. <\/p>\n\n\n\n<p>La Coordinadora de Seguridad P\u00fablica Pamela Flores, agreg\u00f3\nque respecto al apoyo a v\u00edctimas ya se est\u00e1 realizando el proceso de contacto\ncon las 8 mujeres del sector, a quienes adem\u00e1s, se les hizo entrega y se les\ncapacit\u00f3 en el uso&nbsp; de dispositivos\nS.O.S., (botones de p\u00e1nico, ofrecidos por el Alcalde Radonich).<\/p>\n\n\n\n<p>Tom\u00e1ndose la propuesta\nde la Fiscal\u00eda, representada en el Fiscal Felipe Aguirre, referente a los\npatrullajes, estos se mantendr\u00e1n por un espacio de tiempo de aproximadamente 3\na 4 meses, para luego realizar evaluaciones peri\u00f3dicas de denuncias, que\nincluyen geo referenciaci\u00f3n para que \u00e9stas tengan un adecuado an\u00e1lisis\ndelictual. Tambi\u00e9n se realizar\u00e1 revisi\u00f3n extensa de Serviu por las&nbsp; presuntas irregularidades reveladas. Y ya est\u00e1 en proceso la\npresentaci\u00f3n de la demanda judicial respecto de la situaci\u00f3n irregular de\narriendos del citado condominio.<\/p>\n\n\n\n<p>Las denuncias de la comunidad son importantes, se convierten en una\nherramienta que permite a las autoridades y polic\u00edas realizar acciones\npreventivas y responder de manera m\u00e1s eficaz frente al delito, gracias al\nan\u00e1lisis de informaci\u00f3n delictual, que ayuda a focalizarse en los sectores y\nhorarios m\u00e1s propensos a la ocurrencia de \u00e9stos. El\nGobernador V\u00e1squez se\u00f1al\u00f3 que se convocar\u00e1 a una reuni\u00f3n en un tiempo prudente\npara evaluar los resultados de las acciones tomadas por las instituciones involucradas.<\/p>\n","protected":false},"excerpt":{"rendered":"<p>Una serie de reuniones, lideradas por el gobernador Alejandro V\u00e1squez, se desarroll\u00f3 a ra\u00edz de la manifestaci\u00f3n que realizaran vecinos y vecinas del sector \u201cPueblos Unidos\u201d de nuestra ciudad el&#8230; <a class=\"read-more\" href=\"https:\/\/www.radiopresidenteibanez.cl\/web\/autoridades-regionales-y-policias-entregan-solucion-a-vecinos-del-sector-pueblos-unidos\/\">Leer m\u00e1s<\/a><\/p>\n","protected":false},"author":2,"featured_media":18189,"comment_status":"closed","ping_status":"closed","sticky":false,"template":"","format":"standard","meta":{"footnotes":""},"categories":[1],"tags":[],"class_list":["post-18188","post","type-post","status-publish","format-standard","has-post-thumbnail","hentry","category-cronica"],"_links":{"self":[{"href":"https:\/\/www.radiopresidenteibanez.cl\/web\/wp-json\/wp\/v2\/posts\/18188","targetHints":{"allow":["GET"]}}],"collection":[{"href":"https:\/\/www.radiopresidenteibanez.cl\/web\/wp-json\/wp\/v2\/posts"}],"about":[{"href":"https:\/\/www.radiopresidenteibanez.cl\/web\/wp-json\/wp\/v2\/types\/post"}],"author":[{"embeddable":true,"href":"https:\/\/www.radiopresidenteibanez.cl\/web\/wp-json\/wp\/v2\/users\/2"}],"replies":[{"embeddable":true,"href":"https:\/\/www.radiopresidenteibanez.cl\/web\/wp-json\/wp\/v2\/comments?post=18188"}],"version-history":[{"count":0,"href":"https:\/\/www.radiopresidenteibanez.cl\/web\/wp-json\/wp\/v2\/posts\/18188\/revisions"}],"wp:featuredmedia":[{"embeddable":true,"href":"https:\/\/www.radiopresidenteibanez.cl\/web\/wp-json\/wp\/v2\/media\/18189"}],"wp:attachment":[{"href":"https:\/\/www.radiopresidenteibanez.cl\/web\/wp-json\/wp\/v2\/media?parent=18188"}],"wp:term":[{"taxonomy":"category","embeddable":true,"href":"https:\/\/www.radiopresidenteibanez.cl\/web\/wp-json\/wp\/v2\/categories?post=18188"},{"taxonomy":"post_tag","embeddable":true,"href":"https:\/\/www.radiopresidenteibanez.cl\/web\/wp-json\/wp\/v2\/tags?post=18188"}],"curies":[{"name":"wp","href":"https:\/\/api.w.org\/{rel}","templated":true}]}}