{"id":1818,"date":"2019-03-04T12:48:07","date_gmt":"2019-03-04T12:48:07","guid":{"rendered":"http:\/\/www.radiopresidenteibanez.cl\/web\/?p=1818"},"modified":"2019-03-04T12:48:26","modified_gmt":"2019-03-04T12:48:26","slug":"revelan-que-rodrigo-ubilla-es-propietario-de-10-mil-metros-cuadrados-de-tierra-mapuche","status":"publish","type":"post","link":"https:\/\/www.radiopresidenteibanez.cl\/web\/revelan-que-rodrigo-ubilla-es-propietario-de-10-mil-metros-cuadrados-de-tierra-mapuche\/","title":{"rendered":"REVELAN QUE RODRIGO UBILLA ES PROPIETARIO DE 10 MIL METROS CUADRADOS DE TIERRA MAPUCHE"},"content":{"rendered":"\n<p>El subsecretario del Interior,&nbsp;<strong>Rodrigo Ubilla<\/strong>, ha estado en el centro de la pol\u00e9mica en La Araucan\u00eda por sus primeras versiones en torno al&nbsp;<strong><a href=\"http:\/\/www.adnradio.cl\/noticias\/nacional\/caso-catrillanca-subsecretario-ubilla-declaro-en-calidad-de-testigo\/20181212\/nota\/3836931.aspx\">homicidio de Camilo Catrillanca<\/a><\/strong>&nbsp;y por&nbsp;<strong><a href=\"http:\/\/www.adnradio.cl\/noticias\/nacional\/rodrigo-ubilla-dijo-que-algunos-de-los-incendios-del-ultimo-tiempo-son-asociados-a-la-causa-mapuche\/20190217\/nota\/3865276.aspx\">atribuir a la causa mapuche<\/a><\/strong>&nbsp;los incendios&nbsp;de la regi\u00f3n.<\/p>\n\n\n\n<p>Sus declaraciones no s\u00f3lo han causado la molestia en la opini\u00f3n p\u00fablica, sino tambi\u00e9n entre los vecinos de&nbsp;<strong>su casa emplazada en medio de la comunidad mapuche Mariano Millahual<\/strong>, ubicada en el sector de Quetroleufu a unos 13 kil\u00f3metros de Puc\u00f3n.<\/p>\n\n\n\n<p>Seg\u00fan revel\u00f3 el sitio&nbsp;<a href=\"https:\/\/interferencia.cl\/articulos\/la-casa-de-veraneo-que-el-subsecretario-ubilla-compro-en-territorio-mapuche\" target=\"_blank\" rel=\"noreferrer noopener\"><strong>Interferencia<\/strong><\/a>, se trata de&nbsp;<strong>dos terrenos de 5 mil metros cuadrados que el subsecretario compr\u00f3 por 11&nbsp;millones de pesos<\/strong>&nbsp;a Guadalupe Moris en 2009.<\/p>\n\n\n\n<p>Ambos inmuebles\u00a0fueron aportados a\u00a0la\u00a0<strong>Sociedad de Inversiones Quetroleufu Ltda.<\/strong>\u00a0-que conforma \u00e9l junto a su esposa y sus hijos-\u00a0cinco a\u00f1os despu\u00e9s, cuando culmin\u00f3 su participaci\u00f3n en el primer gobierno de Sebasti\u00e1n Pi\u00f1era.\u00a0\u00a0<\/p>\n\n\n\n<p>De acuerdo el reportaje, los predios comprados por Ubilla gozan de un t\u00edtulo de merced vigente desde 1908 y&nbsp;<strong>est\u00e1n registrados como tierra ind\u00edgena<\/strong>&nbsp;en la Corporaci\u00f3n Nacional de Desarrollo Ind\u00edgena (Conadi) desde el a\u00f1o 2000.<\/p>\n\n\n\n<p>De hecho, el contrato de compraventa establece que<strong>&nbsp;la propiedad est\u00e1 exenta del pago de contribuciones<\/strong>, ya que&nbsp;supuestamente porque se trata de \u00abpeque\u00f1as propiedades r\u00fasticas, de escaso o nulo valor agr\u00edcola\u00bb.<\/p>\n\n\n\n<p>No obstante, ello implica que tampoco se puede\u00a0<strong>\u00abafectar o limitar el derecho de dominio o las facultades de uso, goce o disposici\u00f3n sobre la propiedad\u00bb<\/strong>, en funci\u00f3n del Decreto Ley 3.516, destinado a proteger los terrenos rurales.<\/p>\n\n\n\n<p>En la documentaci\u00f3n de compraventa&nbsp;<strong>nunca se menciona&nbsp;que se trata de tierras ind\u00edgenas<\/strong>, que desde 1993 incluye los t\u00edtulos de merced, una antigua figura jur\u00eddica que data de los tiempos de la colonia.<\/p>\n\n\n\n<p>La misma Ley Ind\u00edgena o&nbsp;<a href=\"https:\/\/www.leychile.cl\/Navegar?idNorma=30620\" target=\"_blank\" rel=\"noreferrer noopener\"><strong>Ley 19.253<\/strong><\/a>&nbsp;establece que la propiedad de la&nbsp;tierra&nbsp;ind\u00edgena \u00abtendr\u00e1 como titulares a personas naturales ind\u00edgenas o a la comunidad ind\u00edgena\u00bb.<\/p>\n\n\n\n<p>Estas tierras, \u00abpor exigirlo el inter\u00e9s nacional, gozar\u00e1n de la protecci\u00f3n de esta Ley y\u00a0<strong>no podr\u00e1n ser enajenadas, embargadas, gravadas, ni adquiridas por prescripci\u00f3n<\/strong>, salvo entre comunidades o personas ind\u00edgenas de una misma etnia\u00bb.<\/p>\n\n\n\n<p>Fuente: <a href=\"http:\/\/www.adnradio.cl\/noticias\/nacional\/revelan-que-rodrigo-ubilla-es-propietario-de-10-mil-metros-cuadrados-de-tierra-mapuche\/20190304\/nota\/3871769.aspx\">http:\/\/www.adnradio.cl\/noticias\/nacional\/revelan-que-rodrigo-ubilla-es-propietario-de-10-mil-metros-cuadrados-de-tierra-mapuche\/20190304\/nota\/3871769.aspx<\/a><\/p>\n\n\n\n<figure class=\"wp-block-image\"><img loading=\"lazy\" decoding=\"async\" width=\"600\" height=\"485\" src=\"https:\/\/www.radiopresidenteibanez.cl\/web\/wp-content\/uploads\/2019\/03\/201903046e20abc5.jpg\" alt=\"\" class=\"wp-image-1819\" srcset=\"https:\/\/www.radiopresidenteibanez.cl\/web\/wp-content\/uploads\/2019\/03\/201903046e20abc5.jpg 600w, https:\/\/www.radiopresidenteibanez.cl\/web\/wp-content\/uploads\/2019\/03\/201903046e20abc5-300x243.jpg 300w\" sizes=\"auto, (max-width: 600px) 100vw, 600px\" \/><\/figure>\n","protected":false},"excerpt":{"rendered":"<p>El subsecretario del Interior,&nbsp;Rodrigo Ubilla, ha estado en el centro de la pol\u00e9mica en La Araucan\u00eda por sus primeras versiones en torno al&nbsp;homicidio de Camilo Catrillanca&nbsp;y por&nbsp;atribuir a la causa&#8230; <a class=\"read-more\" href=\"https:\/\/www.radiopresidenteibanez.cl\/web\/revelan-que-rodrigo-ubilla-es-propietario-de-10-mil-metros-cuadrados-de-tierra-mapuche\/\">Leer m\u00e1s<\/a><\/p>\n","protected":false},"author":2,"featured_media":1820,"comment_status":"closed","ping_status":"closed","sticky":false,"template":"","format":"standard","meta":{"footnotes":""},"categories":[1,5],"tags":[],"class_list":["post-1818","post","type-post","status-publish","format-standard","has-post-thumbnail","hentry","category-cronica","category-politica"],"_links":{"self":[{"href":"https:\/\/www.radiopresidenteibanez.cl\/web\/wp-json\/wp\/v2\/posts\/1818","targetHints":{"allow":["GET"]}}],"collection":[{"href":"https:\/\/www.radiopresidenteibanez.cl\/web\/wp-json\/wp\/v2\/posts"}],"about":[{"href":"https:\/\/www.radiopresidenteibanez.cl\/web\/wp-json\/wp\/v2\/types\/post"}],"author":[{"embeddable":true,"href":"https:\/\/www.radiopresidenteibanez.cl\/web\/wp-json\/wp\/v2\/users\/2"}],"replies":[{"embeddable":true,"href":"https:\/\/www.radiopresidenteibanez.cl\/web\/wp-json\/wp\/v2\/comments?post=1818"}],"version-history":[{"count":0,"href":"https:\/\/www.radiopresidenteibanez.cl\/web\/wp-json\/wp\/v2\/posts\/1818\/revisions"}],"wp:featuredmedia":[{"embeddable":true,"href":"https:\/\/www.radiopresidenteibanez.cl\/web\/wp-json\/wp\/v2\/media\/1820"}],"wp:attachment":[{"href":"https:\/\/www.radiopresidenteibanez.cl\/web\/wp-json\/wp\/v2\/media?parent=1818"}],"wp:term":[{"taxonomy":"category","embeddable":true,"href":"https:\/\/www.radiopresidenteibanez.cl\/web\/wp-json\/wp\/v2\/categories?post=1818"},{"taxonomy":"post_tag","embeddable":true,"href":"https:\/\/www.radiopresidenteibanez.cl\/web\/wp-json\/wp\/v2\/tags?post=1818"}],"curies":[{"name":"wp","href":"https:\/\/api.w.org\/{rel}","templated":true}]}}