{"id":1815,"date":"2019-03-04T12:38:54","date_gmt":"2019-03-04T12:38:54","guid":{"rendered":"http:\/\/www.radiopresidenteibanez.cl\/web\/?p=1815"},"modified":"2019-03-04T15:38:30","modified_gmt":"2019-03-04T15:38:30","slug":"policia-de-investigaciones-incauto-75-millones-en-cocaina-en-dependencias-del-aeropuerto-carlos-ibanez-del-campo","status":"publish","type":"post","link":"https:\/\/www.radiopresidenteibanez.cl\/web\/policia-de-investigaciones-incauto-75-millones-en-cocaina-en-dependencias-del-aeropuerto-carlos-ibanez-del-campo\/","title":{"rendered":"POLIC\u00cdA DE INVESTIGACIONES INCAUT\u00d3 75 MILLONES EN COCA\u00cdNA EN DEPENDENCIAS DEL AEROPUERTO CARLOS IB\u00c1\u00d1EZ DEL CAMPO"},"content":{"rendered":"\n<p>En dependencias del Aeropuerto Carlos Ib\u00e1\u00f1ez del Campo, la\nPolic\u00eda de Investigaciones realiz\u00f3 un amplio operativo con lo que logr\u00f3 la detenci\u00f3n\nde tres individuos y la incautaci\u00f3n de 2,5 kilos de coca\u00edna avaluada en cerca\nde 75 millones de pesos, la droga ser\u00eda vendida en la ciudad de Puerto Natales.<\/p>\n\n\n\n<p>As\u00ed tambi\u00e9n se realizaron allanamientos en viviendas de la ciudad capital de \u00daltima Esperanza y Punta Arenas, con la finalidad de desbaratar esta organizaci\u00f3n.<\/p>\n\n\n\n<p>En horas de esta ma\u00f1ana, PDI entregar\u00e1 mayores antecedentes de dicha situaci\u00f3n.<\/p>\n\n\n\n<figure class=\"wp-block-image\"><img loading=\"lazy\" decoding=\"async\" width=\"1024\" height=\"768\" src=\"https:\/\/www.radiopresidenteibanez.cl\/web\/wp-content\/uploads\/2019\/03\/IMG-20190304-WA0017-1024x768.jpg\" alt=\"\" class=\"wp-image-1829\" srcset=\"https:\/\/www.radiopresidenteibanez.cl\/web\/wp-content\/uploads\/2019\/03\/IMG-20190304-WA0017-1024x768.jpg 1024w, https:\/\/www.radiopresidenteibanez.cl\/web\/wp-content\/uploads\/2019\/03\/IMG-20190304-WA0017-300x225.jpg 300w, https:\/\/www.radiopresidenteibanez.cl\/web\/wp-content\/uploads\/2019\/03\/IMG-20190304-WA0017-768x576.jpg 768w, https:\/\/www.radiopresidenteibanez.cl\/web\/wp-content\/uploads\/2019\/03\/IMG-20190304-WA0017.jpg 1280w\" sizes=\"auto, (max-width: 1024px) 100vw, 1024px\" \/><\/figure>\n","protected":false},"excerpt":{"rendered":"<p>En dependencias del Aeropuerto Carlos Ib\u00e1\u00f1ez del Campo, la Polic\u00eda de Investigaciones realiz\u00f3 un amplio operativo con lo que logr\u00f3 la detenci\u00f3n de tres individuos y la incautaci\u00f3n de 2,5&#8230; <a class=\"read-more\" href=\"https:\/\/www.radiopresidenteibanez.cl\/web\/policia-de-investigaciones-incauto-75-millones-en-cocaina-en-dependencias-del-aeropuerto-carlos-ibanez-del-campo\/\">Leer m\u00e1s<\/a><\/p>\n","protected":false},"author":2,"featured_media":1829,"comment_status":"closed","ping_status":"closed","sticky":false,"template":"","format":"standard","meta":{"footnotes":""},"categories":[1,6],"tags":[],"class_list":["post-1815","post","type-post","status-publish","format-standard","has-post-thumbnail","hentry","category-cronica","category-policial"],"_links":{"self":[{"href":"https:\/\/www.radiopresidenteibanez.cl\/web\/wp-json\/wp\/v2\/posts\/1815","targetHints":{"allow":["GET"]}}],"collection":[{"href":"https:\/\/www.radiopresidenteibanez.cl\/web\/wp-json\/wp\/v2\/posts"}],"about":[{"href":"https:\/\/www.radiopresidenteibanez.cl\/web\/wp-json\/wp\/v2\/types\/post"}],"author":[{"embeddable":true,"href":"https:\/\/www.radiopresidenteibanez.cl\/web\/wp-json\/wp\/v2\/users\/2"}],"replies":[{"embeddable":true,"href":"https:\/\/www.radiopresidenteibanez.cl\/web\/wp-json\/wp\/v2\/comments?post=1815"}],"version-history":[{"count":0,"href":"https:\/\/www.radiopresidenteibanez.cl\/web\/wp-json\/wp\/v2\/posts\/1815\/revisions"}],"wp:featuredmedia":[{"embeddable":true,"href":"https:\/\/www.radiopresidenteibanez.cl\/web\/wp-json\/wp\/v2\/media\/1829"}],"wp:attachment":[{"href":"https:\/\/www.radiopresidenteibanez.cl\/web\/wp-json\/wp\/v2\/media?parent=1815"}],"wp:term":[{"taxonomy":"category","embeddable":true,"href":"https:\/\/www.radiopresidenteibanez.cl\/web\/wp-json\/wp\/v2\/categories?post=1815"},{"taxonomy":"post_tag","embeddable":true,"href":"https:\/\/www.radiopresidenteibanez.cl\/web\/wp-json\/wp\/v2\/tags?post=1815"}],"curies":[{"name":"wp","href":"https:\/\/api.w.org\/{rel}","templated":true}]}}