{"id":1809,"date":"2019-03-03T19:20:10","date_gmt":"2019-03-03T19:20:10","guid":{"rendered":"http:\/\/www.radiopresidenteibanez.cl\/web\/?p=1809"},"modified":"2019-03-03T19:20:29","modified_gmt":"2019-03-03T19:20:29","slug":"joven-fue-atacado-con-arma-blanca-en-la-poblacion-archipielago-de-chiloe","status":"publish","type":"post","link":"https:\/\/www.radiopresidenteibanez.cl\/web\/joven-fue-atacado-con-arma-blanca-en-la-poblacion-archipielago-de-chiloe\/","title":{"rendered":"JOVEN FUE ATACADO CON ARMA BLANCA EN LA POBLACI\u00d3N ARCHIPI\u00c9LAGO DE CHILO\u00c9"},"content":{"rendered":"\n<p>Pasadas las 08:30 horas de este\ndomingo, un hecho de sangre se produjo en las intersecciones de las calles\nDalcahue y Canal de Chacao, en la poblaci\u00f3n Archipi\u00e9lago de Chilo\u00e9, en el lugar\ndos j\u00f3venes que transitaban por el sector fueron atacados por dos personas que\nse encontraban en estado de ebriedad.<\/p>\n\n\n\n<p>Debido a lo anterior, uno de los\nj\u00f3venes atacados result\u00f3 con un corte por arma blanca en el cuello, por lo que\ndebi\u00f3 ser atendido en el lugar y trasladado hasta las dependencias del Hospital\nCl\u00ednico de Magallanes por personal de Carabineros.<\/p>\n\n\n\n<p>Por disposici\u00f3n del fiscal de turno, Polic\u00eda de Investigaciones (PDI) de Punta Arenas, tom\u00f3 el caso para dar con el paradero de los antisociales y as\u00ed esclarecer lo sucedido.<\/p>\n\n\n\n<ul class=\"wp-block-gallery columns-2 is-cropped wp-block-gallery-1 is-layout-flex wp-block-gallery-is-layout-flex\"><li class=\"blocks-gallery-item\"><figure><img loading=\"lazy\" decoding=\"async\" width=\"900\" height=\"600\" src=\"https:\/\/www.radiopresidenteibanez.cl\/web\/wp-content\/uploads\/2019\/03\/DSC_0001.jpg\" alt=\"\" data-id=\"1810\" data-link=\"https:\/\/www.radiopresidenteibanez.cl\/web\/?attachment_id=1810\" class=\"wp-image-1810\" srcset=\"https:\/\/www.radiopresidenteibanez.cl\/web\/wp-content\/uploads\/2019\/03\/DSC_0001.jpg 900w, https:\/\/www.radiopresidenteibanez.cl\/web\/wp-content\/uploads\/2019\/03\/DSC_0001-300x200.jpg 300w, https:\/\/www.radiopresidenteibanez.cl\/web\/wp-content\/uploads\/2019\/03\/DSC_0001-768x512.jpg 768w\" sizes=\"auto, (max-width: 900px) 100vw, 900px\" \/><figcaption>ph:ch<\/figcaption><\/figure><\/li><li class=\"blocks-gallery-item\"><figure><img loading=\"lazy\" decoding=\"async\" width=\"900\" height=\"600\" src=\"https:\/\/www.radiopresidenteibanez.cl\/web\/wp-content\/uploads\/2019\/03\/DSC_0007.jpg\" alt=\"\" data-id=\"1811\" data-link=\"https:\/\/www.radiopresidenteibanez.cl\/web\/?attachment_id=1811\" class=\"wp-image-1811\" srcset=\"https:\/\/www.radiopresidenteibanez.cl\/web\/wp-content\/uploads\/2019\/03\/DSC_0007.jpg 900w, https:\/\/www.radiopresidenteibanez.cl\/web\/wp-content\/uploads\/2019\/03\/DSC_0007-300x200.jpg 300w, https:\/\/www.radiopresidenteibanez.cl\/web\/wp-content\/uploads\/2019\/03\/DSC_0007-768x512.jpg 768w\" sizes=\"auto, (max-width: 900px) 100vw, 900px\" \/><figcaption>ph:ch<\/figcaption><\/figure><\/li><\/ul>\n","protected":false},"excerpt":{"rendered":"<p>Pasadas las 08:30 horas de este domingo, un hecho de sangre se produjo en las intersecciones de las calles Dalcahue y Canal de Chacao, en la poblaci\u00f3n Archipi\u00e9lago de Chilo\u00e9,&#8230; <a class=\"read-more\" href=\"https:\/\/www.radiopresidenteibanez.cl\/web\/joven-fue-atacado-con-arma-blanca-en-la-poblacion-archipielago-de-chiloe\/\">Leer m\u00e1s<\/a><\/p>\n","protected":false},"author":2,"featured_media":1810,"comment_status":"closed","ping_status":"closed","sticky":false,"template":"","format":"standard","meta":{"footnotes":""},"categories":[1,6],"tags":[],"class_list":["post-1809","post","type-post","status-publish","format-standard","has-post-thumbnail","hentry","category-cronica","category-policial"],"_links":{"self":[{"href":"https:\/\/www.radiopresidenteibanez.cl\/web\/wp-json\/wp\/v2\/posts\/1809","targetHints":{"allow":["GET"]}}],"collection":[{"href":"https:\/\/www.radiopresidenteibanez.cl\/web\/wp-json\/wp\/v2\/posts"}],"about":[{"href":"https:\/\/www.radiopresidenteibanez.cl\/web\/wp-json\/wp\/v2\/types\/post"}],"author":[{"embeddable":true,"href":"https:\/\/www.radiopresidenteibanez.cl\/web\/wp-json\/wp\/v2\/users\/2"}],"replies":[{"embeddable":true,"href":"https:\/\/www.radiopresidenteibanez.cl\/web\/wp-json\/wp\/v2\/comments?post=1809"}],"version-history":[{"count":0,"href":"https:\/\/www.radiopresidenteibanez.cl\/web\/wp-json\/wp\/v2\/posts\/1809\/revisions"}],"wp:featuredmedia":[{"embeddable":true,"href":"https:\/\/www.radiopresidenteibanez.cl\/web\/wp-json\/wp\/v2\/media\/1810"}],"wp:attachment":[{"href":"https:\/\/www.radiopresidenteibanez.cl\/web\/wp-json\/wp\/v2\/media?parent=1809"}],"wp:term":[{"taxonomy":"category","embeddable":true,"href":"https:\/\/www.radiopresidenteibanez.cl\/web\/wp-json\/wp\/v2\/categories?post=1809"},{"taxonomy":"post_tag","embeddable":true,"href":"https:\/\/www.radiopresidenteibanez.cl\/web\/wp-json\/wp\/v2\/tags?post=1809"}],"curies":[{"name":"wp","href":"https:\/\/api.w.org\/{rel}","templated":true}]}}