{"id":18051,"date":"2021-01-23T22:16:23","date_gmt":"2021-01-23T22:16:23","guid":{"rendered":"https:\/\/www.radiopresidenteibanez.cl\/web\/?p=18051"},"modified":"2021-01-23T22:16:27","modified_gmt":"2021-01-23T22:16:27","slug":"eugenia-mancilla-hace-un-llamado-a-la-militancia-de-la-dc-a-participar-de-las-elecciones-internas-para-elegir-a-su-candidata-o-presidencial","status":"publish","type":"post","link":"https:\/\/www.radiopresidenteibanez.cl\/web\/eugenia-mancilla-hace-un-llamado-a-la-militancia-de-la-dc-a-participar-de-las-elecciones-internas-para-elegir-a-su-candidata-o-presidencial\/","title":{"rendered":"EUGENIA MANCILLA HACE UN LLAMADO A LA MILITANCIA DE LA DC A PARTICIPAR DE LAS ELECCIONES INTERNAS PARA ELEGIR A SU CANDIDATA\/O PRESIDENCIAL"},"content":{"rendered":"\n<p>Estimad@s camaradas:<\/p>\n\n\n\n<p>Ma\u00f1ana domingo 24 de enero, la Democracia Cristiana llevar\u00e1\na cabo las elecciones primarias para definir a nuestro (a) abanderada\npresidencial. Concursan en esta instancia el camarada Alberto Undurraga y la\ncamarada Ximena Rinc\u00f3n, mujer y de regiones, a quien apoyo con mucha convicci\u00f3n\ny cari\u00f1o! <\/p>\n\n\n\n<p>En esta instancia pueden participar militantes e\nindependientes. <\/p>\n\n\n\n<p>Los siguientes son los locales de votaci\u00f3n, que estar\u00e1n\ndispuestos para recibir los sufragios entre las 09:00 y las 18:00 horas.:<\/p>\n\n\n\n<p>Punta Arenas: Club Chile, ubicado en Armando Sanhueza N\u00ba\n546.<\/p>\n\n\n\n<p>Puerto Natales: Sede del PDC, Arturo Prat N\u00ba 132<\/p>\n\n\n\n<p>Porvenir: Padre Zavattaro N\u00ba134<\/p>\n\n\n\n<p>Cabo de Hornos: Arturo Prat esq. Ricardo Maraga\u00f1o.<\/p>\n\n\n\n<p>Entendemos que el contexto de pandemia hace complejo la\nmovilizaci\u00f3n de los adherentes y militantes, sin embargo es necesario aclarar\nque es posible trasladarse a los locales de votaci\u00f3n conforme a lo dispuesto en\nel Plan Paso a Paso, Instructivo de desplazamiento en d\u00edas de cuarentena:\nnumeral 16 que se\u00f1ala lo siguiente:<\/p>\n\n\n\n<p>Permiso para desplazarse a locales de votaci\u00f3n:<\/p>\n\n\n\n<p>Las personas que, en el marco de elecciones primarias convencionales,\nde un partido pol\u00edtico o coalici\u00f3n de partidos pol\u00edticos y aquellas que\nparticipen de las elecciones internas de un partido pol\u00edtico, podr\u00e1n concurrir\nal local de votaci\u00f3n que les corresponda para sufragar, portando su c\u00e9dula de\nidentidad, debiendo se\u00f1alar en caso de ser fiscalizadas, la direcci\u00f3n del local\nde votaci\u00f3n al que se dirigen o del que retornan a su domicilio. Para estos\nefectos, los secretarios generales nacionales, regionales, distritales y\ncomunales de los partidos pol\u00edticos, seg\u00fan corresponda, deber\u00e1n entregar con la\ndebida anticipaci\u00f3n a Carabineros de Chile, un documento donde conste el tipo\nde elecci\u00f3n, la fecha y horario de la misma y los locales de votaci\u00f3n\nhabilitados. El desplazamiento estar\u00e1 permitido desde el horario de apertura de\nlos locales de votaci\u00f3n y hasta el horario de su cierre<\/p>\n\n\n\n<p>Los y las invito a participar en esta instancia democr\u00e1tica\nque ser\u00e1 relevante para el futuro de nuestro Partido.<\/p>\n\n\n\n<p>Saludos fraternos!! <\/p>\n\n\n\n<p>Eugenia Mancilla Macias<\/p>\n\n\n\n<p>Ex Presidenta Regional PDC Magallanes<\/p>\n","protected":false},"excerpt":{"rendered":"<p>Estimad@s camaradas: Ma\u00f1ana domingo 24 de enero, la Democracia Cristiana llevar\u00e1 a cabo las elecciones primarias para definir a nuestro (a) abanderada presidencial. Concursan en esta instancia el camarada Alberto&#8230; <a class=\"read-more\" href=\"https:\/\/www.radiopresidenteibanez.cl\/web\/eugenia-mancilla-hace-un-llamado-a-la-militancia-de-la-dc-a-participar-de-las-elecciones-internas-para-elegir-a-su-candidata-o-presidencial\/\">Leer m\u00e1s<\/a><\/p>\n","protected":false},"author":2,"featured_media":18052,"comment_status":"closed","ping_status":"closed","sticky":false,"template":"","format":"standard","meta":{"footnotes":""},"categories":[5],"tags":[],"class_list":["post-18051","post","type-post","status-publish","format-standard","has-post-thumbnail","hentry","category-politica"],"_links":{"self":[{"href":"https:\/\/www.radiopresidenteibanez.cl\/web\/wp-json\/wp\/v2\/posts\/18051","targetHints":{"allow":["GET"]}}],"collection":[{"href":"https:\/\/www.radiopresidenteibanez.cl\/web\/wp-json\/wp\/v2\/posts"}],"about":[{"href":"https:\/\/www.radiopresidenteibanez.cl\/web\/wp-json\/wp\/v2\/types\/post"}],"author":[{"embeddable":true,"href":"https:\/\/www.radiopresidenteibanez.cl\/web\/wp-json\/wp\/v2\/users\/2"}],"replies":[{"embeddable":true,"href":"https:\/\/www.radiopresidenteibanez.cl\/web\/wp-json\/wp\/v2\/comments?post=18051"}],"version-history":[{"count":0,"href":"https:\/\/www.radiopresidenteibanez.cl\/web\/wp-json\/wp\/v2\/posts\/18051\/revisions"}],"wp:featuredmedia":[{"embeddable":true,"href":"https:\/\/www.radiopresidenteibanez.cl\/web\/wp-json\/wp\/v2\/media\/18052"}],"wp:attachment":[{"href":"https:\/\/www.radiopresidenteibanez.cl\/web\/wp-json\/wp\/v2\/media?parent=18051"}],"wp:term":[{"taxonomy":"category","embeddable":true,"href":"https:\/\/www.radiopresidenteibanez.cl\/web\/wp-json\/wp\/v2\/categories?post=18051"},{"taxonomy":"post_tag","embeddable":true,"href":"https:\/\/www.radiopresidenteibanez.cl\/web\/wp-json\/wp\/v2\/tags?post=18051"}],"curies":[{"name":"wp","href":"https:\/\/api.w.org\/{rel}","templated":true}]}}