{"id":18042,"date":"2021-01-24T03:15:00","date_gmt":"2021-01-24T03:15:00","guid":{"rendered":"https:\/\/www.radiopresidenteibanez.cl\/web\/?p=18042"},"modified":"2021-01-23T22:09:54","modified_gmt":"2021-01-23T22:09:54","slug":"prodemu-hace-un-positivo-balance-acompanando-a-2-300-mujeres-durante-la-pandemia-por-covid-19","status":"publish","type":"post","link":"https:\/\/www.radiopresidenteibanez.cl\/web\/prodemu-hace-un-positivo-balance-acompanando-a-2-300-mujeres-durante-la-pandemia-por-covid-19\/","title":{"rendered":"PRODEMU HACE UN POSITIVO BALANCE ACOMPA\u00d1ANDO  A 2.300 MUJERES DURANTE LA PANDEMIA POR COVID \u2013 19"},"content":{"rendered":"\n<p>PRODEMU, fundaci\u00f3n que depende la Red de fundaciones de la\nPresidencia y &nbsp;&nbsp;&nbsp;&nbsp;&nbsp;&nbsp;&nbsp;&nbsp; que lidera Cecilia\nMorel, desde el inicio de la pandemia, frente a la imposibilidad de realizar su\ntrabajo de manera presencial y con la finalidad de saber c\u00f3mo estaban viviendo\nla crisis las mujeres, comenz\u00f3 a llamarlas y a escucharlas. <\/p>\n\n\n\n<p>As\u00ed naci\u00f3 <strong>PRODEMU Escucha<\/strong>,\nun espacio para comunicarse con las mujeres, que permite entregarles algo que\nescaseaba al inicio de la pandemia: contenci\u00f3n, acompa\u00f1amiento e informaci\u00f3n\nfidedigna. \u201cHemos conversado con las mujeres del pa\u00eds durante toda la pandemia,\na trav\u00e9s de llamadas telef\u00f3nicas que duran como promedio 40 minutos. Los\nllamados son atendidos por los trabajadores y trabajadoras de Prodemu, de las\ndistintas sedes, cuya expertiz es el enfoque de g\u00e9nero. Estamos orgullosas y\norgullosos de haber sido los primeros en haber desarrollado una l\u00ednea gratuita,\nde atenci\u00f3n solo para mujeres, que mediante la escucha activa y una\nconversaci\u00f3n guiada, contribuye a aliviar el impacto de esta pandemia\u201d, asegur\u00f3\nla Directora Nacional, Paola Diez.&nbsp;<\/p>\n\n\n\n<p>A m\u00e1s de 33.000 hogares, en\ntodo Chile, ha llegado Prodemu Escucha desde su inicio, el 28 de marzo de 2020.\nEste\nproceso de contenci\u00f3n consisti\u00f3 en conocer las distintas experiencias que\nestaban teniendo las mujeres a prop\u00f3sito de la pandemia, logrando explorar en\nlos sentimientos, preocupaciones y las din\u00e1micas familiares cotidianas que se\nestaban configurando.&nbsp; <\/p>\n\n\n\n<p>La Presidenta de\nProdemu, Cecilia Morel, explic\u00f3 que \u201cProdemu Escucha fue un programa muy\nimportante este a\u00f1o. Fue un canal clave de acercamiento, una oportunidad, una\ncompa\u00f1\u00eda para miles de mujeres en el pa\u00eds. Incluso, algunas de ellas nos\ndevolv\u00edan el llamado para contar c\u00f3mo se sent\u00edan despu\u00e9s de su \u00faltima\nconversaci\u00f3n. Con esta iniciativa le aportamos algo tan valioso a las mujeres,\ncomo seguridad y tranquilidad, en un momento de gran incertidumbre. Las seguiremos\nacompa\u00f1ando, conteniendo porque sabemos que han sufrido mucho por los efectos\nde la pandemia\u201d.<\/p>\n\n\n\n<p>Por otra parte, la\ndirectora regional de PRODEMU, Gabriela S\u00e1nchez Ca\u00f1ete, explic\u00f3 que durante el\n2020, un a\u00f1o fuertemente impactado por las condiciones de pandemia producto del\nCovid \u2013 19, \u201ccomo instituci\u00f3n que trabaja para el desarrollo y empoderamiento\nde las mujeres de cada territorio, asumimos con mucho compromiso y fuerza\ninnovadora los desaf\u00edos inherentes a dar continuidad al trabajo formativo e informativo\ncon las mujeres, innovando y adecuando nuestra metodolog\u00eda de trabajo a la\nconexi\u00f3n en espacios virtuales\u201d. <\/p>\n\n\n\n<p>As\u00ed para las\npersonas que integran nuestros equipos de trabajo, el 2020 fue un a\u00f1o de nuevos\naprendizajes, de adaptaci\u00f3n y resiliencia, de compatibilizar las tareas\nfamiliares y laborales con las condicionantes de los desplazamientos\nterritoriales, distanciamiento y autocuidado. <\/p>\n\n\n\n<p>\u201cCon todo, logramos\ntrabajar, formar y acompa\u00f1ar a m\u00e1s de 2.300 mujeres de nuestra regi\u00f3n, sumando\na muchas mujeres que residen en localidades alejadas de nuestro radio urbano,\nmujeres de Puerto Ed\u00e9n, de Williams, Timaukel, San Gregorio, entre otros.\nConcluimos nuestra intervenci\u00f3n program\u00e1tica con un Consejo Regional con\nenfoque de g\u00e9nero, para levantar las necesidades y preocupaciones de las\nmujeres ante el actual contexto de crisis sanitaria, en virtud a ello, perfilar\ny encauzar nuestra acci\u00f3n program\u00e1tica 2021. Participaron 30 mujeres\nrepresentantes de diversas localidades y \u00e1mbitos del quehacer regional: p\u00fablico,\nacad\u00e9mica, ciudadan\u00eda, organizaciones territoriales\u201d, asegur\u00f3 la directora\nregional.<\/p>\n\n\n\n<p><strong>ESTUDIO<\/strong><\/p>\n\n\n\n<p>Por\nesta raz\u00f3n en mayo, del Centro de Estudios de G\u00e9nero de PRODEMU realiz\u00f3 un\nestudio sobre las mujeres y el acceso a TIC\u2019s y estableci\u00f3 que el 42% de las\nmujeres que no cuenta con internet, tiene como motivo lo elevado del costo\u201d,\nafirma la Directora Nacional de Prodemu. Este estudio fue la base para desarrollar\nuna Ruta de emergencia, la Ruta de Empoderamiento Digital, en la que PRODEMU\nentreg\u00f3 capacitaci\u00f3n en herramientas digitales para usos sociales y econ\u00f3micos\ny educaci\u00f3n de g\u00e9nero. <\/p>\n\n\n\n<p>Adem\u00e1s,\nesta ruta de emergencia, que busc\u00f3 acortar la brecha digital que existe entre\nhombres y mujeres, contribuyendo al empoderamiento y desarrollo personal de las\nmujeres, incluy\u00f3 la entrega de un kit digital que constaba de un celular\ninteligente con minutos ilimitados por 18 meses, 45 gigas de internet, redes\nsociales gratuitas y cobertura en todo Chile. Todo esto con el fin de asegurar\nque las mujeres pusieran en pr\u00e1ctica su aprendizaje y accedieran al mundo\ndigital. <\/p>\n\n\n\n<p>La ruta est\u00e1 enfocada a mujeres que no\ncrecieron con el desarrollo de las tecnolog\u00edas y se divide en dos grupos. Uno\nse enfoca en mujeres de 60 a\u00f1os o m\u00e1s, quienes tienen menos acceso a internet y\nconocimientos de c\u00f3mo usar un Smartphone. El segundo grupo est\u00e1 compuesto por\nmujeres de 30 a 59 a\u00f1os interesadas en aprender m\u00e1s de tecnolog\u00eda, para buscar\noportunidades laborales o fortalecer sus emprendimientos.<\/p>\n\n\n\n<p><strong>SEGUIMOS\nDE PIE<\/strong><\/p>\n\n\n\n<p>En junio y para apoyar a mujeres jefas de hogar, que hubieran\nperdido el empleo dependiente y quisieran emprender o mujeres cuyos\nemprendimientos se hubieran visto gravemente afectados por la pandemia, PRODEMU\nlanz\u00f3 el Fondo Seguimos de Pie. \u201cSon recursos que se les entregan a las mujeres\npara que puedan sostenerse y generar ingresos para ellas y sus familias,\nmientras pase lo peor de la crisis sanitaria. No podemos dejarlas solas, seguiremos\nimplementando medidas para apoyarlas\u201d, dijo la Primera Dama y presidenta de\nProdemu, Cecilia Morel, al lanzar la convocatoria.<\/p>\n\n\n\n<p>Inicialmente eran 500 fondos concursables, de trescientos mil\npesos cada uno, para invertir en la compra de m\u00e1quinas, herramientas o insumos\npara los emprendimientos de las beneficiadas, pero finalmente, tras una alta\nconvocatoria, se entregaron 1500 fondos. <\/p>\n\n\n\n<p><strong>CUMPLIENDO\nUN SUE\u00d1O<\/strong><\/p>\n\n\n\n<p>Por otro lado, PRODEMU desarroll\u00f3 el programa Cumpliendo Un Sue\u00f1o\npara incentivar a las mujeres a cerrar una etapa inconclusa en su vida, que\nincide en su autoestima, desarrollo y proyecci\u00f3n laboral.&nbsp; PRODEMU, junto a Compromiso Pa\u00eds, cre\u00f3 el\nprograma Cumpliendo un Sue\u00f1o, un curso para completar los estudios de ense\u00f1anza\nmedia para fines laborales, con enfoque de g\u00e9nero y sesiones de empoderamiento,\ncertificado por el Ministerio de Educaci\u00f3n. <\/p>\n\n\n\n<p>En septiembre de 2020 la ciudadan\u00eda comenz\u00f3 a organizarse para enfrentar\nla desocupaci\u00f3n laboral, la falta de alimentos y la necesidad de comunicarse\ndurante las prolongadas cuarentenas. Asimismo, para contenerse unos a otros, la\ncomunidad local comenz\u00f3 a formar \u00abollas comunes\u00bb, y tambi\u00e9n, grupos\nde apoyo al interior de los campamentos o en las comunas de mayor\nvulnerabilidad.&nbsp; <\/p>\n\n\n\n<p>As\u00ed PRODEMU logr\u00f3 llegar l\u00edderes de ollas comunes, juntas\nde vecinos de comunas vulnerables y campamentos. Interviniendo a 600\ngrupos, formales o informales, en todo Chile, con un total de 3000 dirigentes y\ndirigentas que se encontraban haciendo esta labor, quienes participaron de una\ncapacitaci\u00f3n, con enfoque de g\u00e9nero, con el objeto de fomentar la continuidad\nde sus organizaciones y la asociatividad formal, aprender sobre resoluci\u00f3n de\nconflictos, obtenci\u00f3n de financiamiento, entre otros temas. Asimismo, se\nentreg\u00f3 tambi\u00e9n un capital para la compra de insumos requeridos por la\norganizaci\u00f3n, como fondos y cocinillas, utensilios, mercader\u00eda, balones de gas,\nmateriales de difusi\u00f3n.<\/p>\n","protected":false},"excerpt":{"rendered":"<p>PRODEMU, fundaci\u00f3n que depende la Red de fundaciones de la Presidencia y &nbsp;&nbsp;&nbsp;&nbsp;&nbsp;&nbsp;&nbsp;&nbsp; que lidera Cecilia Morel, desde el inicio de la pandemia, frente a la imposibilidad de realizar su&#8230; <a class=\"read-more\" href=\"https:\/\/www.radiopresidenteibanez.cl\/web\/prodemu-hace-un-positivo-balance-acompanando-a-2-300-mujeres-durante-la-pandemia-por-covid-19\/\">Leer m\u00e1s<\/a><\/p>\n","protected":false},"author":2,"featured_media":18043,"comment_status":"closed","ping_status":"closed","sticky":false,"template":"","format":"standard","meta":{"footnotes":""},"categories":[1],"tags":[],"class_list":["post-18042","post","type-post","status-publish","format-standard","has-post-thumbnail","hentry","category-cronica"],"_links":{"self":[{"href":"https:\/\/www.radiopresidenteibanez.cl\/web\/wp-json\/wp\/v2\/posts\/18042","targetHints":{"allow":["GET"]}}],"collection":[{"href":"https:\/\/www.radiopresidenteibanez.cl\/web\/wp-json\/wp\/v2\/posts"}],"about":[{"href":"https:\/\/www.radiopresidenteibanez.cl\/web\/wp-json\/wp\/v2\/types\/post"}],"author":[{"embeddable":true,"href":"https:\/\/www.radiopresidenteibanez.cl\/web\/wp-json\/wp\/v2\/users\/2"}],"replies":[{"embeddable":true,"href":"https:\/\/www.radiopresidenteibanez.cl\/web\/wp-json\/wp\/v2\/comments?post=18042"}],"version-history":[{"count":0,"href":"https:\/\/www.radiopresidenteibanez.cl\/web\/wp-json\/wp\/v2\/posts\/18042\/revisions"}],"wp:featuredmedia":[{"embeddable":true,"href":"https:\/\/www.radiopresidenteibanez.cl\/web\/wp-json\/wp\/v2\/media\/18043"}],"wp:attachment":[{"href":"https:\/\/www.radiopresidenteibanez.cl\/web\/wp-json\/wp\/v2\/media?parent=18042"}],"wp:term":[{"taxonomy":"category","embeddable":true,"href":"https:\/\/www.radiopresidenteibanez.cl\/web\/wp-json\/wp\/v2\/categories?post=18042"},{"taxonomy":"post_tag","embeddable":true,"href":"https:\/\/www.radiopresidenteibanez.cl\/web\/wp-json\/wp\/v2\/tags?post=18042"}],"curies":[{"name":"wp","href":"https:\/\/api.w.org\/{rel}","templated":true}]}}