{"id":18033,"date":"2021-01-24T02:30:00","date_gmt":"2021-01-24T02:30:00","guid":{"rendered":"https:\/\/www.radiopresidenteibanez.cl\/web\/?p=18033"},"modified":"2021-01-23T22:04:49","modified_gmt":"2021-01-23T22:04:49","slug":"nuevo-ejemplar-canino-se-suma-a-la-brigada-antinarcoticos-de-la-pdi-en-punta-arenas","status":"publish","type":"post","link":"https:\/\/www.radiopresidenteibanez.cl\/web\/nuevo-ejemplar-canino-se-suma-a-la-brigada-antinarcoticos-de-la-pdi-en-punta-arenas\/","title":{"rendered":"NUEVO EJEMPLAR CANINO SE SUMA A LA BRIGADA  ANTINARC\u00d3TICOS DE LA PDI EN PUNTA ARENAS"},"content":{"rendered":"\n<p>Tres\na\u00f1os y medio tiene el can que se incorpor\u00f3 al equipo de la Brigada\nAntinarc\u00f3ticos y Contra el Crimen Organizado (Brianco), de la Polic\u00eda de\nInvestigaciones en Punta Arenas. El ejemplar de nombre \u201cDemian\u201d apoyar\u00e1 la\nlabor de incautaci\u00f3n de drogas gracias a su especialidad en detecci\u00f3n de\nsustancias il\u00edcitas, pero adem\u00e1s est\u00e1 entrenado para encontrar armamento y\nmunici\u00f3n. <\/p>\n\n\n\n<p>\u201cDemian\ntiene dos especialidades que van a colaborar directamente en el trabajo de la\nBrigada Antinarc\u00f3ticos, relacionado tambi\u00e9n contra el crimen organizado y de\nesta manera, contribuir\u00e1 eficazmente a desbaratar bandas u organiaciones\ndedicadas al trafico il\u00edcito como, asimismo, al delito transnacional\u201d, enfatiz\u00f3\nel comisario Patricio Flores, jefe de la Brianco Punta Arenas. <\/p>\n\n\n\n<p>El\nasistente policial y gu\u00eda canino, Kevin Maul\u00e9n, lleg\u00f3 junto a \u201cDemian\u201d desde la\nBrigada de Adiestramiento Canino Metropolitana, donde participaron en\ndiferentes operativos antinarc\u00f3ticos, adem\u00e1s de apoyar procedimientos de Microtr\u00e1fico\nCero en ciudades como Iquique, Copiap\u00f3, Linares, San Javier y Temuco. Tambi\u00e9n,\ncolaboraron en exitosos procedimientos realizados en Santiago, a cargo de\nunidades como la Brigada Investigadora de Robos, en donde lograron la detecci\u00f3n\ne incautaci\u00f3n de armas. <\/p>\n\n\n\n<p>La\nllegada del can se produce d\u00edas despu\u00e9s que la Brigada Antinarc\u00f3ticos y Contra\nel Crimen Organizado Punta Arenas cumpliera su aniversario n\u00famero 29, con un\nconsolidado trabajo en la detecci\u00f3n de drogas, que el a\u00f1o pasado contempl\u00f3 la\nincautaci\u00f3n de m\u00e1s de 36 kilos de clorhidrato de coca\u00edna y cannabis sativa,\nadem\u00e1s del decomiso de m\u00e1s de 16.000 compromidos de drogas de s\u00edntesis. <\/p>\n\n\n\n<p><strong>Recambio de ejemplares caninos<\/strong><\/p>\n\n\n\n<p>En esta\nlabor, fue fundamental el trabajo de la ejemplar canino \u201cEmma\u201d y del inspector\ny gu\u00eda canino, Francisco Ojeda, quienes lograron detectar importantes cantidades\nde droga en el aeropuerto Carlos Ib\u00e1\u00f1ez del Campo, el aer\u00f3dromo Teniente Julio\nGallardo y en diversos operativos desarrollados en diferentes comunas de la\nregi\u00f3n. Tras su exitoso desempe\u00f1o, ahora ambos cumplir\u00e1n nuevos desaf\u00edos en la\nBrigada de Adiestramiento Canino Metropolitana. <\/p>\n\n\n\n<p>\u201cGracias\na su poderoso olfato (Emma) logr\u00f3 sacar de circulaci\u00f3n importantes remesas de\ndroga como clorhidrato de coca\u00edna, cannabis sativa, asimismo, diferentes tipos\nde drogas de s\u00edntesis como \u201cMDMA\u201d denominada \u00c9xtasis, \u201c2CB\u201d, entre otras\u201d,\ndestac\u00f3 el comisario Patricio Flores. <\/p>\n\n\n\n<p>Ahora,\nser\u00e1n dos los ejemplares caninos de la PDI en Magallanes, \u201cDemian\u201d y \u201cGabi\u201d,\nlos que junto a los gu\u00edas y detectives especializados seguir\u00e1n colaborando en\ninvestigaciones complejas y en el combate contra el tr\u00e1fico il\u00edcito de drogas y\nel crimen organizado transnacional. <\/p>\n","protected":false},"excerpt":{"rendered":"<p>Tres a\u00f1os y medio tiene el can que se incorpor\u00f3 al equipo de la Brigada Antinarc\u00f3ticos y Contra el Crimen Organizado (Brianco), de la Polic\u00eda de Investigaciones en Punta Arenas&#8230;. <a class=\"read-more\" href=\"https:\/\/www.radiopresidenteibanez.cl\/web\/nuevo-ejemplar-canino-se-suma-a-la-brigada-antinarcoticos-de-la-pdi-en-punta-arenas\/\">Leer m\u00e1s<\/a><\/p>\n","protected":false},"author":2,"featured_media":18034,"comment_status":"closed","ping_status":"closed","sticky":false,"template":"","format":"standard","meta":{"footnotes":""},"categories":[1],"tags":[],"class_list":["post-18033","post","type-post","status-publish","format-standard","has-post-thumbnail","hentry","category-cronica"],"_links":{"self":[{"href":"https:\/\/www.radiopresidenteibanez.cl\/web\/wp-json\/wp\/v2\/posts\/18033","targetHints":{"allow":["GET"]}}],"collection":[{"href":"https:\/\/www.radiopresidenteibanez.cl\/web\/wp-json\/wp\/v2\/posts"}],"about":[{"href":"https:\/\/www.radiopresidenteibanez.cl\/web\/wp-json\/wp\/v2\/types\/post"}],"author":[{"embeddable":true,"href":"https:\/\/www.radiopresidenteibanez.cl\/web\/wp-json\/wp\/v2\/users\/2"}],"replies":[{"embeddable":true,"href":"https:\/\/www.radiopresidenteibanez.cl\/web\/wp-json\/wp\/v2\/comments?post=18033"}],"version-history":[{"count":0,"href":"https:\/\/www.radiopresidenteibanez.cl\/web\/wp-json\/wp\/v2\/posts\/18033\/revisions"}],"wp:featuredmedia":[{"embeddable":true,"href":"https:\/\/www.radiopresidenteibanez.cl\/web\/wp-json\/wp\/v2\/media\/18034"}],"wp:attachment":[{"href":"https:\/\/www.radiopresidenteibanez.cl\/web\/wp-json\/wp\/v2\/media?parent=18033"}],"wp:term":[{"taxonomy":"category","embeddable":true,"href":"https:\/\/www.radiopresidenteibanez.cl\/web\/wp-json\/wp\/v2\/categories?post=18033"},{"taxonomy":"post_tag","embeddable":true,"href":"https:\/\/www.radiopresidenteibanez.cl\/web\/wp-json\/wp\/v2\/tags?post=18033"}],"curies":[{"name":"wp","href":"https:\/\/api.w.org\/{rel}","templated":true}]}}