{"id":18030,"date":"2021-01-24T02:15:00","date_gmt":"2021-01-24T02:15:00","guid":{"rendered":"https:\/\/www.radiopresidenteibanez.cl\/web\/?p=18030"},"modified":"2021-01-23T22:02:30","modified_gmt":"2021-01-23T22:02:30","slug":"salud-gestiona-nuevos-traslados-ante-compleja-situacion-en-hcm","status":"publish","type":"post","link":"https:\/\/www.radiopresidenteibanez.cl\/web\/salud-gestiona-nuevos-traslados-ante-compleja-situacion-en-hcm\/","title":{"rendered":"SALUD GESTIONA NUEVOS TRASLADOS ANTE COMPLEJA SITUACI\u00d3N EN HCM"},"content":{"rendered":"\n<p>Tres nuevos egresos por traslado desde\nla Unidad de Paciente Critico (UPC) del Hospital Cl\u00ednico Magallanes (HCM) hasta\nrecintos asistenciales de la Regi\u00f3n Metropolitana, se encuentra gestionando la\nUnidad de Coordinaci\u00f3n del Hospital Cl\u00ednico Magallanes junto a la Unidad de\nGesti\u00f3n Centralizada de Camas (UGCC) del Ministerio de Salud, en contexto de la\nRed Integrada COVID-19.<\/p>\n\n\n\n<p>Los traslados -a materializar durante la\nnoche de hoy viernes 22 de enero o la madrugada de ma\u00f1ana &#8211; se suman a los 13 realizados\na contar del 3 de enero. El a\u00f1o pasado se registraron 147 derivaciones desde la\nRegi\u00f3n de Magallanes, 129 desde el Hospital Cl\u00ednico y 18 desde el Hospital Dr. Augusto\nEssmann Burgos de Puerto Natales.<\/p>\n\n\n\n<p>Las aeroevacuaciones se realizan bajo la\nestrategia de liberaci\u00f3n de cupos cama UCI COVID-19, permitiendo al Hospital\nCl\u00ednico Magallanes \u2013 centro de referencia regional de la pandemia \u2013 contar con\nmayor n\u00famero de camas UCI disponibles, garantizando el acceso a la poblaci\u00f3n,\nen atenci\u00f3n directa al aumento de contagios a nivel local y, a lo din\u00e1mico de\nla emergencia.<\/p>\n\n\n\n<p>Al respecto, la subdirectora m\u00e9dica del\nHCM doctora Mar\u00eda Isabel Iduya coment\u00f3 que, en septiembre y octubre, se deriv\u00f3\nuna gran cantidad de pacientes a establecimientos del norte del pa\u00eds, \u201cpero en\nestos momentos las UCI del sur del pa\u00eds y del extremo norte est\u00e1n saturadas,\npor lo tanto, aunque tengamos la prioridad para aeroevacuar desde el Ministerio\nde Salud, en alg\u00fan momento esto no se van a poder seguir realizando. Por ello\ninsistir en el autocuidado y evitar exponerse a situaciones de riesgo\u201d, acot\u00f3\nla Dra. Iduya. <\/p>\n\n\n\n<p>De igual forma, el director de Servicio\nde Salud Magallanes, Nelson Reyes Silva, reiter\u00f3 el llamado a la comunidad a\nmantener las medidas de precauci\u00f3n y prevenci\u00f3n, enfatizando el lavado\nconstante de manos, uso permanente de mascarilla, uso de alcohol gel, el\ndistanciamiento f\u00edsico, evitar participar de reuniones sociales y respetar los\naforos indicados por la autoridad.<\/p>\n","protected":false},"excerpt":{"rendered":"<p>Tres nuevos egresos por traslado desde la Unidad de Paciente Critico (UPC) del Hospital Cl\u00ednico Magallanes (HCM) hasta recintos asistenciales de la Regi\u00f3n Metropolitana, se encuentra gestionando la Unidad de&#8230; <a class=\"read-more\" href=\"https:\/\/www.radiopresidenteibanez.cl\/web\/salud-gestiona-nuevos-traslados-ante-compleja-situacion-en-hcm\/\">Leer m\u00e1s<\/a><\/p>\n","protected":false},"author":2,"featured_media":18031,"comment_status":"closed","ping_status":"closed","sticky":false,"template":"","format":"standard","meta":{"footnotes":""},"categories":[1],"tags":[],"class_list":["post-18030","post","type-post","status-publish","format-standard","has-post-thumbnail","hentry","category-cronica"],"_links":{"self":[{"href":"https:\/\/www.radiopresidenteibanez.cl\/web\/wp-json\/wp\/v2\/posts\/18030","targetHints":{"allow":["GET"]}}],"collection":[{"href":"https:\/\/www.radiopresidenteibanez.cl\/web\/wp-json\/wp\/v2\/posts"}],"about":[{"href":"https:\/\/www.radiopresidenteibanez.cl\/web\/wp-json\/wp\/v2\/types\/post"}],"author":[{"embeddable":true,"href":"https:\/\/www.radiopresidenteibanez.cl\/web\/wp-json\/wp\/v2\/users\/2"}],"replies":[{"embeddable":true,"href":"https:\/\/www.radiopresidenteibanez.cl\/web\/wp-json\/wp\/v2\/comments?post=18030"}],"version-history":[{"count":0,"href":"https:\/\/www.radiopresidenteibanez.cl\/web\/wp-json\/wp\/v2\/posts\/18030\/revisions"}],"wp:featuredmedia":[{"embeddable":true,"href":"https:\/\/www.radiopresidenteibanez.cl\/web\/wp-json\/wp\/v2\/media\/18031"}],"wp:attachment":[{"href":"https:\/\/www.radiopresidenteibanez.cl\/web\/wp-json\/wp\/v2\/media?parent=18030"}],"wp:term":[{"taxonomy":"category","embeddable":true,"href":"https:\/\/www.radiopresidenteibanez.cl\/web\/wp-json\/wp\/v2\/categories?post=18030"},{"taxonomy":"post_tag","embeddable":true,"href":"https:\/\/www.radiopresidenteibanez.cl\/web\/wp-json\/wp\/v2\/tags?post=18030"}],"curies":[{"name":"wp","href":"https:\/\/api.w.org\/{rel}","templated":true}]}}