{"id":18027,"date":"2021-01-24T02:00:00","date_gmt":"2021-01-24T02:00:00","guid":{"rendered":"https:\/\/www.radiopresidenteibanez.cl\/web\/?p=18027"},"modified":"2021-01-23T22:00:31","modified_gmt":"2021-01-23T22:00:31","slug":"sence-y-sernameg-se-articulan-para-promover-capacitacion-de-mujeres-en-magallanes","status":"publish","type":"post","link":"https:\/\/www.radiopresidenteibanez.cl\/web\/sence-y-sernameg-se-articulan-para-promover-capacitacion-de-mujeres-en-magallanes\/","title":{"rendered":"SENCE Y SERNAMEG SE ARTICULAN PARA PROMOVER CAPACITACI\u00d3N DE MUJERES EN MAGALLANES"},"content":{"rendered":"\n<p>En\ndependencias de la direcci\u00f3n regional del Servicio Nacional de la Mujer y la\nEquidad de G\u00e9nero, este jueves se llev\u00f3 a cabo la firma de convenio entre el\nServicio Nacional de Capacitaci\u00f3n y Empleo (Sence) y SernamEG Magallanes, acuerdo\nque tiene por objeto establecer una alianza inter institucional de coordinaci\u00f3n\ny colaboraci\u00f3n, para la promoci\u00f3n de la autonom\u00eda econ\u00f3mica de las mujeres usuarias\ny\/o participantes de los programas de intervenci\u00f3n que ejecutan ambos\nservicios, a trav\u00e9s del desarrollo de sus capacidades y habilidades.<\/p>\n\n\n\n<p>As\u00ed lo\ndetall\u00f3 la directora regional del SernamEG, Fabiola Garc\u00eda Pinto, quien subray\u00f3\nla necesidad de cerrar la brecha de especializaci\u00f3n que afecta a las mujeres,\nquienes justamente por los roles asignados a su g\u00e9nero, tienen menor acceso al\nmercado laboral. &nbsp;\u201cGracias a las cifras\nque nos entrega el Observatorio Laboral de Magallanes, sabemos que el 25% de\nlas mujeres en la regi\u00f3n que no est\u00e1n buscando trabajo tienen como raz\u00f3n\nprincipal el cuidado de ni\u00f1as, ni\u00f1os y familiares dependientes. Considerando adem\u00e1s,\nque la pandemia retrajo la tasa de participaci\u00f3n laboral femenina en casi una\nd\u00e9cada, es vital poder otorgarles herramientas para insertarse al mundo del\ntrabajo\u201d.<\/p>\n\n\n\n<p>En tanto,\nel director regional del Sence, Enrique Hern\u00e1ndez Pino, indic\u00f3: \u201cel quehacer\ncolaborativo intersectorial es una excelente iniciativa para mejorar nuestra\ncobertura, ya que estamos trabajando en conjunto para favorecer el desarrollo\nintegral de las mujeres en Magallanes que est\u00e1n entre las m\u00e1s afectadas por la\npandemia. Estamos seguros que poner \u00e9nfasis en su perfeccionamiento puede ser\nel inicio para un nuevo comenzar para ellas y sus familias\u201d.<\/p>\n\n\n\n<p>Las\nactuales condiciones de emergencia sanitaria ha obligado que m\u00e1s mujeres\nefect\u00faen su trabajo desde el hogar, lo que ha implicado de acuerdo con el\nObservatorio Laboral de Magallanes, que un 67% de ellas tenga doble y hasta\ntriple jornada laboral, si se considera que en promedio dedican 32,8 horas de\ntrabajo efectivo semanal, sumado a las 5,4 horas diarias de trabajo no\nremunerado en labores dom\u00e9sticas y de cuidados, en contraste a s\u00f3lo 2,4 horas\ndedicadas a estas mismas tareas por los hombres en la regi\u00f3n.<\/p>\n\n\n\n<p>La Seremi\nde la Mujer y la Equidad de G\u00e9nero, Daisy Carrera Ocaranza, detall\u00f3 que como\ngobierno se busca cerrar esta brecha con iniciativas como el Bono al Trabajo de\nla Mujer, que tiene como objetivo mejorar el ingreso de las trabajadoras entre\n25 y 59 a\u00f1os; los cursos Mujer Digital, que en su edici\u00f3n 2021 incluye 59\ncursos en l\u00ednea y gratuitos en \u00e1reas como Tecnolog\u00eda de la Informaci\u00f3n, Emprendimiento,\nIdiomas, Inclusi\u00f3n, y Habilidades para el Siglo XXI; y el nuevo Subsidio\nProtege, apoyo econ\u00f3mico para el cuidado de ni\u00f1os y ni\u00f1as menores de 2 a\u00f1os<em>que llegar\u00e1 a m\u00e1s de 35 mil mujeres\ntrabajadoras tanto dependientes como independientes.<\/em><em><\/em><\/p>\n\n\n\n<p>Finalmente,\nla Seremi del Trabajo y Previsi\u00f3n Social, Victoria Cort\u00e9s Schiattino, se\u00f1al\u00f3: \u201cUno\nde nuestros objetivos este a\u00f1o es fomentar la empleabilidad femenina, muy\nalica\u00edda en la regi\u00f3n por efecto de la pandemia y que ha llevado a una\ninactividad de un 51% de las mujeres en la zona. Esta alianza entre Sence y\nSernamEG ser\u00e1 clave para reducir este \u00edndice e incrementar la capacitaci\u00f3n y\noportunidades laborales para las mujeres.\u201d<\/p>\n","protected":false},"excerpt":{"rendered":"<p>En dependencias de la direcci\u00f3n regional del Servicio Nacional de la Mujer y la Equidad de G\u00e9nero, este jueves se llev\u00f3 a cabo la firma de convenio entre el Servicio&#8230; <a class=\"read-more\" href=\"https:\/\/www.radiopresidenteibanez.cl\/web\/sence-y-sernameg-se-articulan-para-promover-capacitacion-de-mujeres-en-magallanes\/\">Leer m\u00e1s<\/a><\/p>\n","protected":false},"author":2,"featured_media":18028,"comment_status":"closed","ping_status":"closed","sticky":false,"template":"","format":"standard","meta":{"footnotes":""},"categories":[1],"tags":[],"class_list":["post-18027","post","type-post","status-publish","format-standard","has-post-thumbnail","hentry","category-cronica"],"_links":{"self":[{"href":"https:\/\/www.radiopresidenteibanez.cl\/web\/wp-json\/wp\/v2\/posts\/18027","targetHints":{"allow":["GET"]}}],"collection":[{"href":"https:\/\/www.radiopresidenteibanez.cl\/web\/wp-json\/wp\/v2\/posts"}],"about":[{"href":"https:\/\/www.radiopresidenteibanez.cl\/web\/wp-json\/wp\/v2\/types\/post"}],"author":[{"embeddable":true,"href":"https:\/\/www.radiopresidenteibanez.cl\/web\/wp-json\/wp\/v2\/users\/2"}],"replies":[{"embeddable":true,"href":"https:\/\/www.radiopresidenteibanez.cl\/web\/wp-json\/wp\/v2\/comments?post=18027"}],"version-history":[{"count":0,"href":"https:\/\/www.radiopresidenteibanez.cl\/web\/wp-json\/wp\/v2\/posts\/18027\/revisions"}],"wp:featuredmedia":[{"embeddable":true,"href":"https:\/\/www.radiopresidenteibanez.cl\/web\/wp-json\/wp\/v2\/media\/18028"}],"wp:attachment":[{"href":"https:\/\/www.radiopresidenteibanez.cl\/web\/wp-json\/wp\/v2\/media?parent=18027"}],"wp:term":[{"taxonomy":"category","embeddable":true,"href":"https:\/\/www.radiopresidenteibanez.cl\/web\/wp-json\/wp\/v2\/categories?post=18027"},{"taxonomy":"post_tag","embeddable":true,"href":"https:\/\/www.radiopresidenteibanez.cl\/web\/wp-json\/wp\/v2\/tags?post=18027"}],"curies":[{"name":"wp","href":"https:\/\/api.w.org\/{rel}","templated":true}]}}