{"id":18012,"date":"2021-01-23T03:00:00","date_gmt":"2021-01-23T03:00:00","guid":{"rendered":"https:\/\/www.radiopresidenteibanez.cl\/web\/?p=18012"},"modified":"2021-01-22T18:57:51","modified_gmt":"2021-01-22T18:57:51","slug":"acompanamiento-psicologico-en-residencias-sanitarias-de-magallanes","status":"publish","type":"post","link":"https:\/\/www.radiopresidenteibanez.cl\/web\/acompanamiento-psicologico-en-residencias-sanitarias-de-magallanes\/","title":{"rendered":"ACOMPA\u00d1AMIENTO PSICOL\u00d3GICO EN RESIDENCIAS SANITARIAS DE MAGALLANES"},"content":{"rendered":"\n<p>La estrategia de residencia sanitaria\nposibilita que los casos positivos, contactos estrechos y casos probables que\nno cuenten en sus domicilios con las condiciones de infraestructura y\nhabitabilidad id\u00f3neas, puedan cumplir en estos espacios adecuadamente su\naislamiento. <\/p>\n\n\n\n<p>En septiembre del a\u00f1o 2020 se reforz\u00f3\nel personal profesional en residencias sanitarias (nutricionistas , kinesi\u00f3logos,\ny atenci\u00f3n psicol\u00f3gica), este \u00faltimo tipo de atenci\u00f3n naci\u00f3 porque se ve\u00eda la\nnecesidad emergente de algunos usuarios que ten\u00edan dificultades importantes en\nt\u00e9rminos de salud mental; estados ansiosos, episodios&nbsp; de descompensaci\u00f3n o alteraci\u00f3n en las&nbsp; residencias sanitarias. De inmediato, la\nSEREMI de Salud Magallanes tuvo que hacer la contenci\u00f3n y\/o&nbsp; primeros auxilios psicol\u00f3gicos a esas\nsituaciones puntuales. <\/p>\n\n\n\n<p>En la medida en que la estrategia de\nresidencias sanitarias fue avanzando y mejorando, se decidi\u00f3 perfeccionar desde\nuna l\u00f3gica preventiva, que no solo ve a&nbsp;&nbsp;\nlos usuarios sino tambi\u00e9n a los funcionarios de las residencias\nsanitarias, ya que muchos de ellos presentaban desgaste emocional importante\nproducto del trabajo en pandemia. <\/p>\n\n\n\n<p>Al respecto Ana Mar\u00eda Vargas,\ncoordinadora de la Unidad de Soporte Psicol\u00f3gico de las residencias sanitarias\nen Magallanes, se\u00f1ala que: \u201cSurge la iniciativa de ampliar la cobertura del\nequipo psicol\u00f3gico de soporte cl\u00ednico, y poder brindar atenci\u00f3n integral para\nno solamente salvaguardar la integridad f\u00edsica de los pacientes, sino que\ntambi\u00e9n ir viendo c\u00f3mo se encontraban en t\u00e9rminos de salud mental.\u201d <\/p>\n\n\n\n<p>Es as\u00ed que a la fecha hay cuatro\nprofesionales de psicolog\u00eda, prestando servicios de acompa\u00f1amiento remoto. Cada\nprofesional es referente en una residencia sanitaria asignada. As\u00ed, el equipo\ncl\u00ednico que sabe cu\u00e1l es su referente psic\u00f3logo\/a, y a su vez,&nbsp; \u00e9ste tambi\u00e9n entrega&nbsp; herramientas a los equipos de residencias,\npara que puedan manejar&nbsp; situaciones\ncomplejas; lo que significa un proceso de aprendizaje conjunto. <\/p>\n\n\n\n<p>Al d\u00eda de hoy, todos los usuarios de\nresidencias sanitarias en Magallanes son contactados de manera preventiva al\ntercer d\u00eda de aislamiento por un profesional psic\u00f3logo\/a quien monitorea el\ndesarrollo del confinamiento y consecuencias en la salud mental. <\/p>\n\n\n\n<p>Si la persona presenta un\nempeoramiento de su estado mental, la red de salud est\u00e1 articulada para\nrealizar las gestiones correspondientes y brindar la atenci\u00f3n de urgencia.\nIncluso, cuando el usuario egresa de la residencia sanitaria y continua con\ndescompensaci\u00f3n psicol\u00f3gica, la red de salud mantiene su atenci\u00f3n en los\ncentros de Atenci\u00f3n Primaria. <\/p>\n\n\n\n<p>En la misma l\u00ednea refuerzan\npermanentemente a los funcionarios de esta estrategia, la existencia de este\nservicio para que los trabajadores contacten a los psic\u00f3logos\/as cuando\nrequieran o sientan necesidad de ser acompa\u00f1ados. <\/p>\n\n\n\n<p>Entre el 1\u00b0 de octubre y el 5 de enero\nse han realizado 1.180 acompa\u00f1amientos psicol\u00f3gicos a usuarios de residencias\nsanitarias de Magallanes, siendo este tipo de atenci\u00f3n muy bien recibido por la\ncomunidad y los mismos trabajadores. <\/p>\n\n\n\n<p>Yohana Rivas, magall\u00e1nica de 34 a\u00f1os\npas\u00f3 su aislamiento de 14 d\u00edas en una residencia sanitaria de Punta Arenas,\ndurante su estad\u00eda la t\u00e9cnica en podolog\u00eda recibi\u00f3 acompa\u00f1amiento psicol\u00f3gico\nde manera permanente ya que seg\u00fan ella, \u201cPasaba por momentos complejos en donde\nme sent\u00eda angustiada y triste. Ah\u00ed fue clave la excelente atenci\u00f3n del\npsic\u00f3logo quien ten\u00eda toda la amabilidad, disposici\u00f3n y un profesionalismo\ndestacable. Hab\u00eda momentos en que pod\u00eda estar un largo rato al tel\u00e9fono\nescuch\u00e1ndome y constatando que yo me sienta mejor. Sin duda toda la atenci\u00f3n\nprofesional que las residencias sanitarias hacen que este aislamiento sea el m\u00e1s\nseguro y mejor atendido\u201d.<\/p>\n\n\n\n<p>Las residencias sanitarias son\ngratuitas y universales. Magallanes cuenta con 12 residencias en todas las\ncapitales provinciales; c\u00f3modas habitaciones con TV y Wifi, incluye cuatro\ncomidas diarias y traslado sin costo. En la regi\u00f3n hay habilitadas habitaciones\nfamiliares que permiten al grupo familiar realizar aislamiento conjunto.&nbsp; <\/p>\n\n\n\n<p>Para acceder a residencia sanitaria\ndebe llamar al 800 726 666 o escribir al correo residencia.\nsanitaria@redsalud.gov.cl<\/p>\n","protected":false},"excerpt":{"rendered":"<p>La estrategia de residencia sanitaria posibilita que los casos positivos, contactos estrechos y casos probables que no cuenten en sus domicilios con las condiciones de infraestructura y habitabilidad id\u00f3neas, puedan&#8230; <a class=\"read-more\" href=\"https:\/\/www.radiopresidenteibanez.cl\/web\/acompanamiento-psicologico-en-residencias-sanitarias-de-magallanes\/\">Leer m\u00e1s<\/a><\/p>\n","protected":false},"author":2,"featured_media":18013,"comment_status":"closed","ping_status":"closed","sticky":false,"template":"","format":"standard","meta":{"footnotes":""},"categories":[1],"tags":[],"class_list":["post-18012","post","type-post","status-publish","format-standard","has-post-thumbnail","hentry","category-cronica"],"_links":{"self":[{"href":"https:\/\/www.radiopresidenteibanez.cl\/web\/wp-json\/wp\/v2\/posts\/18012","targetHints":{"allow":["GET"]}}],"collection":[{"href":"https:\/\/www.radiopresidenteibanez.cl\/web\/wp-json\/wp\/v2\/posts"}],"about":[{"href":"https:\/\/www.radiopresidenteibanez.cl\/web\/wp-json\/wp\/v2\/types\/post"}],"author":[{"embeddable":true,"href":"https:\/\/www.radiopresidenteibanez.cl\/web\/wp-json\/wp\/v2\/users\/2"}],"replies":[{"embeddable":true,"href":"https:\/\/www.radiopresidenteibanez.cl\/web\/wp-json\/wp\/v2\/comments?post=18012"}],"version-history":[{"count":0,"href":"https:\/\/www.radiopresidenteibanez.cl\/web\/wp-json\/wp\/v2\/posts\/18012\/revisions"}],"wp:featuredmedia":[{"embeddable":true,"href":"https:\/\/www.radiopresidenteibanez.cl\/web\/wp-json\/wp\/v2\/media\/18013"}],"wp:attachment":[{"href":"https:\/\/www.radiopresidenteibanez.cl\/web\/wp-json\/wp\/v2\/media?parent=18012"}],"wp:term":[{"taxonomy":"category","embeddable":true,"href":"https:\/\/www.radiopresidenteibanez.cl\/web\/wp-json\/wp\/v2\/categories?post=18012"},{"taxonomy":"post_tag","embeddable":true,"href":"https:\/\/www.radiopresidenteibanez.cl\/web\/wp-json\/wp\/v2\/tags?post=18012"}],"curies":[{"name":"wp","href":"https:\/\/api.w.org\/{rel}","templated":true}]}}