{"id":17992,"date":"2021-01-22T18:39:22","date_gmt":"2021-01-22T18:39:22","guid":{"rendered":"https:\/\/www.radiopresidenteibanez.cl\/web\/?p=17992"},"modified":"2021-01-22T18:39:27","modified_gmt":"2021-01-22T18:39:27","slug":"chofer-implicado-en-accidente-automovilistico-fue-formalizado-por-cuasidelito-de-homicidio","status":"publish","type":"post","link":"https:\/\/www.radiopresidenteibanez.cl\/web\/chofer-implicado-en-accidente-automovilistico-fue-formalizado-por-cuasidelito-de-homicidio\/","title":{"rendered":"CHOFER IMPLICADO EN ACCIDENTE AUTOMOVIL\u00cdSTICO FUE FORMALIZADO POR CUASIDELITO DE HOMICIDIO"},"content":{"rendered":"\n<p>Con las\ncautelares de&nbsp; arraigo regional,\nprohibici\u00f3n absoluta de abandonar la regi\u00f3n de Magallanes y de la Ant\u00e1rtica\nChilena y con arresto nocturno domiciliario, entre las 22 y 6 de la ma\u00f1ana,\nqued\u00f3 el chofer del veh\u00edculo formalizado hoy, por el Fiscal Manuel Soto, por\ncuasidelito de homicidio, otorg\u00e1ndose un plazo de 60 d\u00edas para la investigaci\u00f3n\ndel il\u00edcito.<\/p>\n\n\n\n<p>El hecho\nse perpetr\u00f3 la ma\u00f1ana de ayer,&nbsp; en\nAvenida Bulnes con Capit\u00e1n Guillermos, momentos en que el motociclista Jorge\nVrsalovic, transitaba siendo impactado violenta y fatalmente por un auto\nparticular , color blanco marca Suzuki que guiaba el imputado Claudio S\u00e1nchez,\nquien efectu\u00f3 la maniobra no respectando el signo Ceda el Paso, existente en el\nlugar.&nbsp;&nbsp; <\/p>\n","protected":false},"excerpt":{"rendered":"<p>Con las cautelares de&nbsp; arraigo regional, prohibici\u00f3n absoluta de abandonar la regi\u00f3n de Magallanes y de la Ant\u00e1rtica Chilena y con arresto nocturno domiciliario, entre las 22 y 6 de&#8230; <a class=\"read-more\" href=\"https:\/\/www.radiopresidenteibanez.cl\/web\/chofer-implicado-en-accidente-automovilistico-fue-formalizado-por-cuasidelito-de-homicidio\/\">Leer m\u00e1s<\/a><\/p>\n","protected":false},"author":2,"featured_media":740,"comment_status":"closed","ping_status":"closed","sticky":false,"template":"","format":"standard","meta":{"footnotes":""},"categories":[1],"tags":[],"class_list":["post-17992","post","type-post","status-publish","format-standard","has-post-thumbnail","hentry","category-cronica"],"_links":{"self":[{"href":"https:\/\/www.radiopresidenteibanez.cl\/web\/wp-json\/wp\/v2\/posts\/17992","targetHints":{"allow":["GET"]}}],"collection":[{"href":"https:\/\/www.radiopresidenteibanez.cl\/web\/wp-json\/wp\/v2\/posts"}],"about":[{"href":"https:\/\/www.radiopresidenteibanez.cl\/web\/wp-json\/wp\/v2\/types\/post"}],"author":[{"embeddable":true,"href":"https:\/\/www.radiopresidenteibanez.cl\/web\/wp-json\/wp\/v2\/users\/2"}],"replies":[{"embeddable":true,"href":"https:\/\/www.radiopresidenteibanez.cl\/web\/wp-json\/wp\/v2\/comments?post=17992"}],"version-history":[{"count":0,"href":"https:\/\/www.radiopresidenteibanez.cl\/web\/wp-json\/wp\/v2\/posts\/17992\/revisions"}],"wp:featuredmedia":[{"embeddable":true,"href":"https:\/\/www.radiopresidenteibanez.cl\/web\/wp-json\/wp\/v2\/media\/740"}],"wp:attachment":[{"href":"https:\/\/www.radiopresidenteibanez.cl\/web\/wp-json\/wp\/v2\/media?parent=17992"}],"wp:term":[{"taxonomy":"category","embeddable":true,"href":"https:\/\/www.radiopresidenteibanez.cl\/web\/wp-json\/wp\/v2\/categories?post=17992"},{"taxonomy":"post_tag","embeddable":true,"href":"https:\/\/www.radiopresidenteibanez.cl\/web\/wp-json\/wp\/v2\/tags?post=17992"}],"curies":[{"name":"wp","href":"https:\/\/api.w.org\/{rel}","templated":true}]}}