{"id":17989,"date":"2021-01-22T16:25:08","date_gmt":"2021-01-22T16:25:08","guid":{"rendered":"https:\/\/www.radiopresidenteibanez.cl\/web\/?p=17989"},"modified":"2021-01-22T16:25:13","modified_gmt":"2021-01-22T16:25:13","slug":"consejeros-consultivos-de-medio-ambiente-de-magallanes-y-de-todo-chile-se-reunen-para-optimizar-su-aporte-en-la-gestion-ambiental-regional","status":"publish","type":"post","link":"https:\/\/www.radiopresidenteibanez.cl\/web\/consejeros-consultivos-de-medio-ambiente-de-magallanes-y-de-todo-chile-se-reunen-para-optimizar-su-aporte-en-la-gestion-ambiental-regional\/","title":{"rendered":"CONSEJEROS CONSULTIVOS DE MEDIO AMBIENTE DE MAGALLANES Y DE TODO CHILE SE RE\u00daNEN PARA OPTIMIZAR SU APORTE EN LA GESTI\u00d3N AMBIENTAL REGIONAL"},"content":{"rendered":"\n<p>A trav\u00e9s de una reuni\u00f3n virtual,\nencabezada por el Subsecretario del Medio Ambiente, Javier Naranjo, cerca de 70\nintegrantes de los consejos consultivos de todo el pa\u00eds, se reunieron para\niniciar un trabajo conducente a generar un diagn\u00f3stico acerca del funcionamiento\nde estas organizaciones ciudadanas que forman parte de la institucionalidad\nambiental del pa\u00eds.<\/p>\n\n\n\n<p>El Subsecretario Naranjo, junto con\nagradecer la participaci\u00f3n de sus integrantes, <em>\u201cValor\u00f3 el compromiso y el\ntrabajo que realizan los consejeros en cada una de las regiones, pues son un\naporte fundamental en la construcci\u00f3n de instrumentos de gesti\u00f3n regional como\nPlanes de Descontaminaci\u00f3n, creaci\u00f3n de normas ambientales, participaci\u00f3n en\nplanes de protecci\u00f3n y conservaci\u00f3n de la biodiversidad y otras pol\u00edticas\nambientales\u201d.<\/em><\/p>\n\n\n\n<p>Pese a que son unas de las instancias\nde participaci\u00f3n ciudadana m\u00e1s antiguas de nuestro pa\u00eds, pues nacieron con la\nLey de Bases Generales del Medio Ambiente en 1994, a\u00fan subsisten algunos\ninconvenientes en el funcionamiento de estos \u00f3rganos, dificultades que se\nquieren subsanar con el trabajo participativo que se inici\u00f3 hoy y que culminar\u00e1\nen un encuentro nacional previsto para el 20 de abril pr\u00f3ximo.<\/p>\n\n\n\n<p><em>Carlos Olave, Seremi del Medio\nAmbiente,\u201d Tuve el honor de participar por un par de a\u00f1os en el consejo\nconsultivo de la regi\u00f3n y soy un convencido de que esta instancia de\nparticipaci\u00f3n ciudadana, tiene mucho para contribuir en nuestra regi\u00f3n de\nMagallanes y de la Ant\u00e1rtica Chilena, se debe aprovechar el conocimiento de sus\nintegrantes de una manera adecuada para fortalecer la gesti\u00f3n ambiental y veo\ncon mucho entusiasmo la importancia que se le est\u00e1 otorgando a esta figura que\nposeen todas las Seremias regionales\u201d.<\/em><\/p>\n\n\n\n<p>El taller llamado <strong>\u201cLevantamiento de informaci\u00f3n para la\nconstrucci\u00f3n de un diagn\u00f3stico sobre la implementaci\u00f3n de los Consejos\nConsultivos Regionales\u201d, <\/strong>tuvo como\nfinalidad identificar las fortalezas, oportunidades, debilidades y amenazas que\nse presentan en la implementaci\u00f3n de los Consejos Consultivos regionales como\nmecanismo de participaci\u00f3n ciudadana.<s>&nbsp;&nbsp;\n<\/s><\/p>\n\n\n\n<p><em>\u201cE<\/em><em>l taller\nde trabajo fue una instancia de suma importancia debido a que por primera vez\nconociamos a los consejos consultivos de otras seremias, donde pudimos\ncompartir experiencias, actividades, fortalezas y debilidades sobre nuestro\naccionar como consejeros y consejeras\u201d<\/em> indic\u00f3 Daniela Droguett, representante\nde WCS.<\/p>\n\n\n\n<p>Recordemos que los consejeros consultivos\ncumplen\nsus funciones ad-honorem y duran 2 a\u00f1os en el cargo, representan a diferentes\nactores que tienen presencia regional como organizaciones de trabajadores,\nrepresentantes de universidades, organizaciones no gubernamentales, asociaciones\nempresariales, centros acad\u00e9micos y un representante del Intendente regional. &nbsp;<\/p>\n\n\n\n<p>El Consejo\nConsultivo Regional 2020-2022, esta compuesto de la siguiente forma: Gonzalo\nUribe, UMAG; Barbara Ag\u00fcero, INACAP; Daniela Droguett, WCS; Fundaci\u00f3n Cequa (en\nproseso cambio de representante); Juan Pereira, EDELMAG; Yasna Segura, CChC;\nPatricio Salinas, Sidicato de Trabajadores de CONAF y&nbsp; Carlos Olave, Seremi del Medio Ambiente.<\/p>\n","protected":false},"excerpt":{"rendered":"<p>A trav\u00e9s de una reuni\u00f3n virtual, encabezada por el Subsecretario del Medio Ambiente, Javier Naranjo, cerca de 70 integrantes de los consejos consultivos de todo el pa\u00eds, se reunieron para&#8230; <a class=\"read-more\" href=\"https:\/\/www.radiopresidenteibanez.cl\/web\/consejeros-consultivos-de-medio-ambiente-de-magallanes-y-de-todo-chile-se-reunen-para-optimizar-su-aporte-en-la-gestion-ambiental-regional\/\">Leer m\u00e1s<\/a><\/p>\n","protected":false},"author":2,"featured_media":17990,"comment_status":"closed","ping_status":"closed","sticky":false,"template":"","format":"standard","meta":{"footnotes":""},"categories":[1],"tags":[],"class_list":["post-17989","post","type-post","status-publish","format-standard","has-post-thumbnail","hentry","category-cronica"],"_links":{"self":[{"href":"https:\/\/www.radiopresidenteibanez.cl\/web\/wp-json\/wp\/v2\/posts\/17989","targetHints":{"allow":["GET"]}}],"collection":[{"href":"https:\/\/www.radiopresidenteibanez.cl\/web\/wp-json\/wp\/v2\/posts"}],"about":[{"href":"https:\/\/www.radiopresidenteibanez.cl\/web\/wp-json\/wp\/v2\/types\/post"}],"author":[{"embeddable":true,"href":"https:\/\/www.radiopresidenteibanez.cl\/web\/wp-json\/wp\/v2\/users\/2"}],"replies":[{"embeddable":true,"href":"https:\/\/www.radiopresidenteibanez.cl\/web\/wp-json\/wp\/v2\/comments?post=17989"}],"version-history":[{"count":0,"href":"https:\/\/www.radiopresidenteibanez.cl\/web\/wp-json\/wp\/v2\/posts\/17989\/revisions"}],"wp:featuredmedia":[{"embeddable":true,"href":"https:\/\/www.radiopresidenteibanez.cl\/web\/wp-json\/wp\/v2\/media\/17990"}],"wp:attachment":[{"href":"https:\/\/www.radiopresidenteibanez.cl\/web\/wp-json\/wp\/v2\/media?parent=17989"}],"wp:term":[{"taxonomy":"category","embeddable":true,"href":"https:\/\/www.radiopresidenteibanez.cl\/web\/wp-json\/wp\/v2\/categories?post=17989"},{"taxonomy":"post_tag","embeddable":true,"href":"https:\/\/www.radiopresidenteibanez.cl\/web\/wp-json\/wp\/v2\/tags?post=17989"}],"curies":[{"name":"wp","href":"https:\/\/api.w.org\/{rel}","templated":true}]}}