{"id":17983,"date":"2021-01-22T16:20:44","date_gmt":"2021-01-22T16:20:44","guid":{"rendered":"https:\/\/www.radiopresidenteibanez.cl\/web\/?p=17983"},"modified":"2021-01-22T16:20:51","modified_gmt":"2021-01-22T16:20:51","slug":"natales-inicia-el-2021-con-la-remodelacion-de-12-zonas-de-juegos-infantiles-y-construccion-de-pista-de-patinaje","status":"publish","type":"post","link":"https:\/\/www.radiopresidenteibanez.cl\/web\/natales-inicia-el-2021-con-la-remodelacion-de-12-zonas-de-juegos-infantiles-y-construccion-de-pista-de-patinaje\/","title":{"rendered":"NATALES INICIA EL 2021 CON LA REMODELACI\u00d3N DE 12 ZONAS DE JUEGOS INFANTILES Y CONSTRUCCI\u00d3N DE PISTA DE PATINAJE"},"content":{"rendered":"\n<p>Puerto Natales cuenta con diversos espacios\np\u00fablicos disponibles para la recreaci\u00f3n de la poblaci\u00f3n y entre ellos poseen\ndistintos estados de conservaci\u00f3n y calidad. Con el paso del tiempo varias plazas\npresentaban carencias asociadas a pavimento y mobiliario, espec\u00edficamente las\nzonas de juegos infantiles, lo cual se busc\u00f3 una pronta soluci\u00f3n para mejorar\nlas condiciones actuales de las plazas de esparcimientos de la comuna y\npotenciar la seguridad p\u00fablica de los recintos. <\/p>\n\n\n\n<p>El proyecto contempl\u00f3 la intervenci\u00f3n de 12\nplazas de juegos infantiles y una pista de patinaje, que a trav\u00e9s del lineamiento\nde Desarrollo Social busca fomentar la socializaci\u00f3n y actividad f\u00edsica en el\nespacio urbano, otorgando entrenamiento dirigido a ni\u00f1os, j\u00f3venes, adultos y\nadultos mayores, permitiendo el encuentro e interacci\u00f3n entre los diversos\ngrupos etarios. <\/p>\n\n\n\n<p>En el mejoramiento de las plazas de juegos\ninfantiles, lo m\u00e1s relevante fue la instalaci\u00f3n de pavimento de caucho\ncontinuo, cuya composici\u00f3n permeable permite un adecuado drenaje de las aguas y\nsu principal caracter\u00edstica es otorgar protecci\u00f3n contra las ca\u00eddas a los\nusuarios de \u00e1reas de equipamiento infantil a trav\u00e9s de su efecto de\namortiguaci\u00f3n. En el caso de la pista de patinaje, la intervenci\u00f3n busca\nrecuperar su aspecto y funcionalidad, debido a que estar\u00e1 ubicada en el\nanfiteatro del Parque Eusebio Lillo. <\/p>\n\n\n\n<p>El alcalde de Natales, Fernando Paredes\nMansilla, entreg\u00f3 m\u00e1s informaci\u00f3n respecto a la construcci\u00f3n de la pista de\npatinaje, \u201cEste es un gran espacio p\u00fablico y de multiprop\u00f3sitos, en invierno est\u00e1\npensado para cancha de patinaje pero tambi\u00e9n en verano puede ser ocupado para\naquellos j\u00f3venes que andan en patines, patinetas, scooter y bicicletas, y en\ndonde la juventud tendr\u00e1 un buen punto de encuentro\u201d. <\/p>\n\n\n\n<p>\u201cEl llamado es a las familias, los j\u00f3venes\ny los ni\u00f1os a que cuiden los espacios p\u00fablicos, estos lugares se usan todos los\nd\u00edas y si los vecinos detectan algunos antisociales destruyendo alg\u00fan parque de\njuego infantil por favor hacer las denuncias pertinentes, porque finalmente\nesto es de todos y tenemos que cuidarlo\u201d, enfatiz\u00f3 el alcalde Paredes. <\/p>\n\n\n\n<p>Finalmente, como mobiliario urbano se\ninstalaron 34 m\u00e1quinas de ejercicios, 12 esca\u00f1os, 11 bicicleteros, 3 juegos\nmodulares y la renovaci\u00f3n total del sistema de iluminaci\u00f3n de las 12 plazas de\njuegos.<\/p>\n","protected":false},"excerpt":{"rendered":"<p>Puerto Natales cuenta con diversos espacios p\u00fablicos disponibles para la recreaci\u00f3n de la poblaci\u00f3n y entre ellos poseen distintos estados de conservaci\u00f3n y calidad. Con el paso del tiempo varias&#8230; <a class=\"read-more\" href=\"https:\/\/www.radiopresidenteibanez.cl\/web\/natales-inicia-el-2021-con-la-remodelacion-de-12-zonas-de-juegos-infantiles-y-construccion-de-pista-de-patinaje\/\">Leer m\u00e1s<\/a><\/p>\n","protected":false},"author":2,"featured_media":17984,"comment_status":"closed","ping_status":"closed","sticky":false,"template":"","format":"standard","meta":{"footnotes":""},"categories":[1],"tags":[],"class_list":["post-17983","post","type-post","status-publish","format-standard","has-post-thumbnail","hentry","category-cronica"],"_links":{"self":[{"href":"https:\/\/www.radiopresidenteibanez.cl\/web\/wp-json\/wp\/v2\/posts\/17983","targetHints":{"allow":["GET"]}}],"collection":[{"href":"https:\/\/www.radiopresidenteibanez.cl\/web\/wp-json\/wp\/v2\/posts"}],"about":[{"href":"https:\/\/www.radiopresidenteibanez.cl\/web\/wp-json\/wp\/v2\/types\/post"}],"author":[{"embeddable":true,"href":"https:\/\/www.radiopresidenteibanez.cl\/web\/wp-json\/wp\/v2\/users\/2"}],"replies":[{"embeddable":true,"href":"https:\/\/www.radiopresidenteibanez.cl\/web\/wp-json\/wp\/v2\/comments?post=17983"}],"version-history":[{"count":0,"href":"https:\/\/www.radiopresidenteibanez.cl\/web\/wp-json\/wp\/v2\/posts\/17983\/revisions"}],"wp:featuredmedia":[{"embeddable":true,"href":"https:\/\/www.radiopresidenteibanez.cl\/web\/wp-json\/wp\/v2\/media\/17984"}],"wp:attachment":[{"href":"https:\/\/www.radiopresidenteibanez.cl\/web\/wp-json\/wp\/v2\/media?parent=17983"}],"wp:term":[{"taxonomy":"category","embeddable":true,"href":"https:\/\/www.radiopresidenteibanez.cl\/web\/wp-json\/wp\/v2\/categories?post=17983"},{"taxonomy":"post_tag","embeddable":true,"href":"https:\/\/www.radiopresidenteibanez.cl\/web\/wp-json\/wp\/v2\/tags?post=17983"}],"curies":[{"name":"wp","href":"https:\/\/api.w.org\/{rel}","templated":true}]}}