{"id":1797,"date":"2019-03-03T19:08:43","date_gmt":"2019-03-03T19:08:43","guid":{"rendered":"http:\/\/www.radiopresidenteibanez.cl\/web\/?p=1797"},"modified":"2019-03-03T19:08:43","modified_gmt":"2019-03-03T19:08:43","slug":"con-la-presencia-del-ministro-de-agricultura-se-realizo-la-firma-de-convenio-y-la-premiacion-de-la-version-67-de-la-expogama-en-magallanes","status":"publish","type":"post","link":"https:\/\/www.radiopresidenteibanez.cl\/web\/con-la-presencia-del-ministro-de-agricultura-se-realizo-la-firma-de-convenio-y-la-premiacion-de-la-version-67-de-la-expogama-en-magallanes\/","title":{"rendered":"CON LA PRESENCIA DEL MINISTRO DE AGRICULTURA, SE REALIZ\u00d3 LA FIRMA DE CONVENIO Y LA PREMIACI\u00d3N DE LA VERSI\u00d3N 67\u00b0 DE LA EXPOGAMA EN MAGALLANES"},"content":{"rendered":"\n<p>Magallanes vivi\u00f3 este fin de\nsemana la principal fiesta de la ganader\u00eda local y el gran triunfador de la\njornada fue el plantel Tehuel Aike, que obtuvo los principales premios de la\ncompetencia de ovinos. Durante los tres d\u00edas que dur\u00f3 la feria, asistieron m\u00e1s\nde 5 mil personas, quienes disfrutaron de diversos panoramas. <\/p>\n\n\n\n<p>En la ma\u00f1ana del domingo, se\nrealiz\u00f3 la ceremonia de premiaci\u00f3n a la que asisti\u00f3 el ministro de Agricultura,\nAntonio Walker Prieto, quien &nbsp;dijo estar\nmuy impresionado con las oportunidades de esta regi\u00f3n en materia internacional.\n\u201cVeo que, por un lado, estamos tan lejos de Santiago, pero que, por otro lado\nestamos tan cerca del mundo. Tenemos puertos, faenadoras, frigor\u00edficos, vemos\nque el mercado de la carne, especialmente ovina, tiene un mercado ilimitado.\nEstamos con un precio de la carne bastante estable y estamos con un precio de\nla lana tambi\u00e9n bastante estable\u201d, indic\u00f3.<\/p>\n\n\n\n<p>Por su parte el presidente\nnacional de la Sociedad Nacional de Agricultura, Ricardo Arizt\u00eda de Castro, quien\ndestac\u00f3 la unidad demostrada por el gremio ganadero local. \u201cPara mi esta\nexposici\u00f3n trae muchos recuerdos. Admiro a los ganaderos magall\u00e1nicos que\ntodav\u00eda conservan estos sistemas de premiaci\u00f3n, que los vi hace muchos, muchos\na\u00f1os y que hoy en la zona central ya no existen. Por lo tanto, me da cierto\nnivel de envidia cuando veo un equipo de ganaderos cohesionado que se agrupan\nen Asogama y en otras organizaciones que tienen. Esto refleja en forma clara el\ndesarrollo y crecimiento que tiene la ganader\u00eda ovina\u201d. <\/p>\n\n\n\n<p>Por su parte, Patricio\nAlmonacid Contreras, due\u00f1o del plantel Tehuel Aike, vencedor de este certamen,\nexplic\u00f3 las razones de este triunfo. \u201cEs el resultado de un trabajo que se\nviene haciendo hace a\u00f1os, a trav\u00e9s de fuertes inversiones en gen\u00e9tica en el\nextranjero y ha llevado a que en Tehuel Aike tengamos buenos resultados en el\n\u00faltimo a\u00f1o. Son animales importantes de destacar, tanto carniceros, como\nlaneros, y sobre todo porque esta gen\u00e9tica abastece a productores locales\u201d,\nse\u00f1al\u00f3. <\/p>\n\n\n\n<p>5 MIL ASISTENTES <\/p>\n\n\n\n<p>Durante los tres d\u00edas que dur\u00f3\nla feria, asistieron m\u00e1s de 5 mil personas, las que disfrutaron de la exquisita\ngastronom\u00eda local, as\u00ed como de diversos espect\u00e1culos. Muestras de folclor se\ntomaron el principal escenario, as\u00ed como la exposici\u00f3n de mascotas. Hubo una\ndemostraci\u00f3n de los jinetes y amazonas de la V Divisi\u00f3n de Ej\u00e9rcito, as\u00ed como\nel trabajo de perros adiestrados de la Polic\u00eda de Investigaciones. <\/p>\n\n\n\n<p>Los ni\u00f1os pudieron disfrutar\nde paseos en pony y del puente tibetano, as\u00ed como de juegos y kermeses. La\nferia hortofrut\u00edcola, organizada por Indap, fue una buena oportunidad para\nadquirir verduras y frutos regionales. <\/p>\n\n\n\n<p>En el&nbsp; Sal\u00f3n Gourmet, que cont\u00f3 con el apoyo de\nCorfo, 13 expositores mostraron diversas exquisiteces como: chocolates,\ncervezas, vinos, yarki (charki), pasteler\u00eda, cordero, mermeladas y otros\nproductos deleitaron a los asistentes. <\/p>\n\n\n\n<p>AUSPICIADORES <\/p>\n\n\n\n<p>En esta oportunidad, la feria cont\u00f3 con 21 empresas auspiciadoras, las que destacaron la oportunidad para exponer sus servicios, as\u00ed como una nueva alternativa de negocios y para afianzar lazos con el sector ganadero. Las empresas participantes fueron: MegaMotors, Olas, Lipigas, Enap, YPF, Tattersall, Bus Sur, Salfa Austral (edificio Sebasti\u00e1n Elcano), Geopark, Halliburton, Standarwool, Socovesa, Arecheta Propiedades, PTI Ovino, Bovino APP, Agropampa, Frigor\u00edfico Simunovic, Mina Invierno y Ruiz y Doberti Limitada<em>.<\/em><\/p>\n\n\n\n<ul class=\"wp-block-gallery columns-2 is-cropped wp-block-gallery-1 is-layout-flex wp-block-gallery-is-layout-flex\"><li class=\"blocks-gallery-item\"><figure><img loading=\"lazy\" decoding=\"async\" width=\"1024\" height=\"682\" src=\"https:\/\/www.radiopresidenteibanez.cl\/web\/wp-content\/uploads\/2019\/03\/IMG-20190303-WA0005-1024x682.jpg\" alt=\"\" data-id=\"1798\" data-link=\"https:\/\/www.radiopresidenteibanez.cl\/web\/?attachment_id=1798\" class=\"wp-image-1798\" srcset=\"https:\/\/www.radiopresidenteibanez.cl\/web\/wp-content\/uploads\/2019\/03\/IMG-20190303-WA0005-1024x682.jpg 1024w, https:\/\/www.radiopresidenteibanez.cl\/web\/wp-content\/uploads\/2019\/03\/IMG-20190303-WA0005-300x200.jpg 300w, https:\/\/www.radiopresidenteibanez.cl\/web\/wp-content\/uploads\/2019\/03\/IMG-20190303-WA0005-768x512.jpg 768w, https:\/\/www.radiopresidenteibanez.cl\/web\/wp-content\/uploads\/2019\/03\/IMG-20190303-WA0005.jpg 1280w\" sizes=\"auto, (max-width: 1024px) 100vw, 1024px\" \/><\/figure><\/li><li class=\"blocks-gallery-item\"><figure><img loading=\"lazy\" decoding=\"async\" width=\"1024\" height=\"682\" src=\"https:\/\/www.radiopresidenteibanez.cl\/web\/wp-content\/uploads\/2019\/03\/IMG-20190303-WA0008-1024x682.jpg\" alt=\"\" data-id=\"1799\" data-link=\"https:\/\/www.radiopresidenteibanez.cl\/web\/?attachment_id=1799\" class=\"wp-image-1799\" srcset=\"https:\/\/www.radiopresidenteibanez.cl\/web\/wp-content\/uploads\/2019\/03\/IMG-20190303-WA0008-1024x682.jpg 1024w, https:\/\/www.radiopresidenteibanez.cl\/web\/wp-content\/uploads\/2019\/03\/IMG-20190303-WA0008-300x200.jpg 300w, https:\/\/www.radiopresidenteibanez.cl\/web\/wp-content\/uploads\/2019\/03\/IMG-20190303-WA0008-768x512.jpg 768w, https:\/\/www.radiopresidenteibanez.cl\/web\/wp-content\/uploads\/2019\/03\/IMG-20190303-WA0008.jpg 1280w\" sizes=\"auto, (max-width: 1024px) 100vw, 1024px\" \/><\/figure><\/li><li class=\"blocks-gallery-item\"><figure><img loading=\"lazy\" decoding=\"async\" width=\"1024\" height=\"682\" src=\"https:\/\/www.radiopresidenteibanez.cl\/web\/wp-content\/uploads\/2019\/03\/IMG-20190303-WA0011-1024x682.jpg\" alt=\"\" data-id=\"1800\" data-link=\"https:\/\/www.radiopresidenteibanez.cl\/web\/?attachment_id=1800\" class=\"wp-image-1800\" srcset=\"https:\/\/www.radiopresidenteibanez.cl\/web\/wp-content\/uploads\/2019\/03\/IMG-20190303-WA0011-1024x682.jpg 1024w, https:\/\/www.radiopresidenteibanez.cl\/web\/wp-content\/uploads\/2019\/03\/IMG-20190303-WA0011-300x200.jpg 300w, https:\/\/www.radiopresidenteibanez.cl\/web\/wp-content\/uploads\/2019\/03\/IMG-20190303-WA0011-768x512.jpg 768w, https:\/\/www.radiopresidenteibanez.cl\/web\/wp-content\/uploads\/2019\/03\/IMG-20190303-WA0011.jpg 1280w\" sizes=\"auto, (max-width: 1024px) 100vw, 1024px\" \/><\/figure><\/li><li class=\"blocks-gallery-item\"><figure><img loading=\"lazy\" decoding=\"async\" width=\"1024\" height=\"682\" src=\"https:\/\/www.radiopresidenteibanez.cl\/web\/wp-content\/uploads\/2019\/03\/IMG-20190303-WA0013-1024x682.jpg\" alt=\"\" data-id=\"1801\" data-link=\"https:\/\/www.radiopresidenteibanez.cl\/web\/?attachment_id=1801\" class=\"wp-image-1801\" srcset=\"https:\/\/www.radiopresidenteibanez.cl\/web\/wp-content\/uploads\/2019\/03\/IMG-20190303-WA0013-1024x682.jpg 1024w, https:\/\/www.radiopresidenteibanez.cl\/web\/wp-content\/uploads\/2019\/03\/IMG-20190303-WA0013-300x200.jpg 300w, https:\/\/www.radiopresidenteibanez.cl\/web\/wp-content\/uploads\/2019\/03\/IMG-20190303-WA0013-768x512.jpg 768w, https:\/\/www.radiopresidenteibanez.cl\/web\/wp-content\/uploads\/2019\/03\/IMG-20190303-WA0013.jpg 1280w\" sizes=\"auto, (max-width: 1024px) 100vw, 1024px\" \/><\/figure><\/li><li class=\"blocks-gallery-item\"><figure><img loading=\"lazy\" decoding=\"async\" width=\"1024\" height=\"682\" src=\"https:\/\/www.radiopresidenteibanez.cl\/web\/wp-content\/uploads\/2019\/03\/IMG-20190303-WA0019-1024x682.jpg\" alt=\"\" data-id=\"1802\" data-link=\"https:\/\/www.radiopresidenteibanez.cl\/web\/?attachment_id=1802\" class=\"wp-image-1802\" srcset=\"https:\/\/www.radiopresidenteibanez.cl\/web\/wp-content\/uploads\/2019\/03\/IMG-20190303-WA0019-1024x682.jpg 1024w, https:\/\/www.radiopresidenteibanez.cl\/web\/wp-content\/uploads\/2019\/03\/IMG-20190303-WA0019-300x200.jpg 300w, https:\/\/www.radiopresidenteibanez.cl\/web\/wp-content\/uploads\/2019\/03\/IMG-20190303-WA0019-768x512.jpg 768w, https:\/\/www.radiopresidenteibanez.cl\/web\/wp-content\/uploads\/2019\/03\/IMG-20190303-WA0019.jpg 1280w\" sizes=\"auto, (max-width: 1024px) 100vw, 1024px\" \/><\/figure><\/li><li class=\"blocks-gallery-item\"><figure><img loading=\"lazy\" decoding=\"async\" width=\"1024\" height=\"682\" src=\"https:\/\/www.radiopresidenteibanez.cl\/web\/wp-content\/uploads\/2019\/03\/IMG-20190303-WA0020-1024x682.jpg\" alt=\"\" data-id=\"1803\" data-link=\"https:\/\/www.radiopresidenteibanez.cl\/web\/?attachment_id=1803\" class=\"wp-image-1803\" srcset=\"https:\/\/www.radiopresidenteibanez.cl\/web\/wp-content\/uploads\/2019\/03\/IMG-20190303-WA0020-1024x682.jpg 1024w, https:\/\/www.radiopresidenteibanez.cl\/web\/wp-content\/uploads\/2019\/03\/IMG-20190303-WA0020-300x200.jpg 300w, https:\/\/www.radiopresidenteibanez.cl\/web\/wp-content\/uploads\/2019\/03\/IMG-20190303-WA0020-768x512.jpg 768w, https:\/\/www.radiopresidenteibanez.cl\/web\/wp-content\/uploads\/2019\/03\/IMG-20190303-WA0020.jpg 1280w\" sizes=\"auto, (max-width: 1024px) 100vw, 1024px\" \/><\/figure><\/li><li class=\"blocks-gallery-item\"><figure><img loading=\"lazy\" decoding=\"async\" width=\"1024\" height=\"682\" src=\"https:\/\/www.radiopresidenteibanez.cl\/web\/wp-content\/uploads\/2019\/03\/IMG-20190303-WA0024-1024x682.jpg\" alt=\"\" data-id=\"1804\" data-link=\"https:\/\/www.radiopresidenteibanez.cl\/web\/?attachment_id=1804\" class=\"wp-image-1804\" srcset=\"https:\/\/www.radiopresidenteibanez.cl\/web\/wp-content\/uploads\/2019\/03\/IMG-20190303-WA0024-1024x682.jpg 1024w, https:\/\/www.radiopresidenteibanez.cl\/web\/wp-content\/uploads\/2019\/03\/IMG-20190303-WA0024-300x200.jpg 300w, https:\/\/www.radiopresidenteibanez.cl\/web\/wp-content\/uploads\/2019\/03\/IMG-20190303-WA0024-768x512.jpg 768w, https:\/\/www.radiopresidenteibanez.cl\/web\/wp-content\/uploads\/2019\/03\/IMG-20190303-WA0024.jpg 1280w\" sizes=\"auto, (max-width: 1024px) 100vw, 1024px\" \/><\/figure><\/li><li class=\"blocks-gallery-item\"><figure><img loading=\"lazy\" decoding=\"async\" width=\"683\" height=\"1024\" src=\"https:\/\/www.radiopresidenteibanez.cl\/web\/wp-content\/uploads\/2019\/03\/IMG-20190303-WA0032-683x1024.jpg\" alt=\"\" data-id=\"1805\" data-link=\"https:\/\/www.radiopresidenteibanez.cl\/web\/?attachment_id=1805\" class=\"wp-image-1805\" srcset=\"https:\/\/www.radiopresidenteibanez.cl\/web\/wp-content\/uploads\/2019\/03\/IMG-20190303-WA0032-683x1024.jpg 683w, https:\/\/www.radiopresidenteibanez.cl\/web\/wp-content\/uploads\/2019\/03\/IMG-20190303-WA0032-200x300.jpg 200w, https:\/\/www.radiopresidenteibanez.cl\/web\/wp-content\/uploads\/2019\/03\/IMG-20190303-WA0032-768x1152.jpg 768w, https:\/\/www.radiopresidenteibanez.cl\/web\/wp-content\/uploads\/2019\/03\/IMG-20190303-WA0032.jpg 800w\" sizes=\"auto, (max-width: 683px) 100vw, 683px\" \/><\/figure><\/li><li class=\"blocks-gallery-item\"><figure><img loading=\"lazy\" decoding=\"async\" width=\"1024\" height=\"683\" src=\"https:\/\/www.radiopresidenteibanez.cl\/web\/wp-content\/uploads\/2019\/03\/IMG-20190303-WA0039-1024x683.jpg\" alt=\"\" data-id=\"1806\" data-link=\"https:\/\/www.radiopresidenteibanez.cl\/web\/?attachment_id=1806\" class=\"wp-image-1806\" srcset=\"https:\/\/www.radiopresidenteibanez.cl\/web\/wp-content\/uploads\/2019\/03\/IMG-20190303-WA0039-1024x683.jpg 1024w, https:\/\/www.radiopresidenteibanez.cl\/web\/wp-content\/uploads\/2019\/03\/IMG-20190303-WA0039-300x200.jpg 300w, https:\/\/www.radiopresidenteibanez.cl\/web\/wp-content\/uploads\/2019\/03\/IMG-20190303-WA0039-768x512.jpg 768w, https:\/\/www.radiopresidenteibanez.cl\/web\/wp-content\/uploads\/2019\/03\/IMG-20190303-WA0039.jpg 1200w\" sizes=\"auto, (max-width: 1024px) 100vw, 1024px\" \/><\/figure><\/li><li class=\"blocks-gallery-item\"><figure><img loading=\"lazy\" decoding=\"async\" width=\"1024\" height=\"683\" src=\"https:\/\/www.radiopresidenteibanez.cl\/web\/wp-content\/uploads\/2019\/03\/IMG-20190303-WA0041-1024x683.jpg\" alt=\"\" data-id=\"1807\" data-link=\"https:\/\/www.radiopresidenteibanez.cl\/web\/?attachment_id=1807\" class=\"wp-image-1807\" srcset=\"https:\/\/www.radiopresidenteibanez.cl\/web\/wp-content\/uploads\/2019\/03\/IMG-20190303-WA0041-1024x683.jpg 1024w, https:\/\/www.radiopresidenteibanez.cl\/web\/wp-content\/uploads\/2019\/03\/IMG-20190303-WA0041-300x200.jpg 300w, https:\/\/www.radiopresidenteibanez.cl\/web\/wp-content\/uploads\/2019\/03\/IMG-20190303-WA0041-768x512.jpg 768w, https:\/\/www.radiopresidenteibanez.cl\/web\/wp-content\/uploads\/2019\/03\/IMG-20190303-WA0041.jpg 1200w\" sizes=\"auto, (max-width: 1024px) 100vw, 1024px\" \/><\/figure><\/li><\/ul>\n","protected":false},"excerpt":{"rendered":"<p>Magallanes vivi\u00f3 este fin de semana la principal fiesta de la ganader\u00eda local y el gran triunfador de la jornada fue el plantel Tehuel Aike, que obtuvo los principales premios&#8230; <a class=\"read-more\" href=\"https:\/\/www.radiopresidenteibanez.cl\/web\/con-la-presencia-del-ministro-de-agricultura-se-realizo-la-firma-de-convenio-y-la-premiacion-de-la-version-67-de-la-expogama-en-magallanes\/\">Leer m\u00e1s<\/a><\/p>\n","protected":false},"author":2,"featured_media":1803,"comment_status":"closed","ping_status":"closed","sticky":false,"template":"","format":"standard","meta":{"footnotes":""},"categories":[1,7],"tags":[],"class_list":["post-1797","post","type-post","status-publish","format-standard","has-post-thumbnail","hentry","category-cronica","category-galeria-de-fotos"],"_links":{"self":[{"href":"https:\/\/www.radiopresidenteibanez.cl\/web\/wp-json\/wp\/v2\/posts\/1797","targetHints":{"allow":["GET"]}}],"collection":[{"href":"https:\/\/www.radiopresidenteibanez.cl\/web\/wp-json\/wp\/v2\/posts"}],"about":[{"href":"https:\/\/www.radiopresidenteibanez.cl\/web\/wp-json\/wp\/v2\/types\/post"}],"author":[{"embeddable":true,"href":"https:\/\/www.radiopresidenteibanez.cl\/web\/wp-json\/wp\/v2\/users\/2"}],"replies":[{"embeddable":true,"href":"https:\/\/www.radiopresidenteibanez.cl\/web\/wp-json\/wp\/v2\/comments?post=1797"}],"version-history":[{"count":0,"href":"https:\/\/www.radiopresidenteibanez.cl\/web\/wp-json\/wp\/v2\/posts\/1797\/revisions"}],"wp:featuredmedia":[{"embeddable":true,"href":"https:\/\/www.radiopresidenteibanez.cl\/web\/wp-json\/wp\/v2\/media\/1803"}],"wp:attachment":[{"href":"https:\/\/www.radiopresidenteibanez.cl\/web\/wp-json\/wp\/v2\/media?parent=1797"}],"wp:term":[{"taxonomy":"category","embeddable":true,"href":"https:\/\/www.radiopresidenteibanez.cl\/web\/wp-json\/wp\/v2\/categories?post=1797"},{"taxonomy":"post_tag","embeddable":true,"href":"https:\/\/www.radiopresidenteibanez.cl\/web\/wp-json\/wp\/v2\/tags?post=1797"}],"curies":[{"name":"wp","href":"https:\/\/api.w.org\/{rel}","templated":true}]}}