{"id":17943,"date":"2021-01-21T02:45:00","date_gmt":"2021-01-21T02:45:00","guid":{"rendered":"https:\/\/www.radiopresidenteibanez.cl\/web\/?p=17943"},"modified":"2021-01-20T17:30:15","modified_gmt":"2021-01-20T17:30:15","slug":"subsidio-protege-busca-disminuir-brecha-de-genero-reflejada-por-termometro-laboral-de-magallanes","status":"publish","type":"post","link":"https:\/\/www.radiopresidenteibanez.cl\/web\/subsidio-protege-busca-disminuir-brecha-de-genero-reflejada-por-termometro-laboral-de-magallanes\/","title":{"rendered":"SUBSIDIO PROTEGE BUSCA DISMINUIR BRECHA DE G\u00c9NERO REFLEJADA POR TERM\u00d3METRO LABORAL DE MAGALLANES"},"content":{"rendered":"\n<p><em>Una realidad\nque se ha hecho cada vez m\u00e1s visible es el aumento en la tasa de inactividad de\nmujeres trabajadoras de Magallanes, lo que refleja un d\u00e9ficit de fuerza laboral\nfemenina acrecentada por los efectos de la pandemia.<\/em><em><\/em><\/p>\n\n\n\n<p><em>As\u00ed lo\nevidenci\u00f3 el \u00faltimo \u201cTerm\u00f3metro Laboral\u201d, bolet\u00edn mensual emitido el\nObservatorio Laboral de Magallanes y que en su \u00faltima edici\u00f3n mostr\u00f3 un aumento\nen la tasa de inactividad en ambos sexos, con un incremento en las mujeres,\ncuya tasa se encuentra por sobre un 52% versus la de los varones, que se ubica\nen un 31%.<\/em><em><\/em><\/p>\n\n\n\n<p><em>Es esta\nsituaci\u00f3n la que se ha convertido en uno de los principales focos de atenci\u00f3n\ndel gobierno y que se busca revertir a trav\u00e9s del Subsidio Protege, iniciativa que\nentregar\u00e1 un apoyo econ\u00f3mico a las madres trabajadoras buscando as\u00ed incentivar la\nreincorporaci\u00f3n de estas al mercado laboral.<\/em><em><\/em><\/p>\n\n\n\n<p><em>\u201cSi bien, en\nlos \u00faltimos meses, el Term\u00f3metro Laboral ha mostrado una tendencia a la\nestabilizaci\u00f3n del empleo regional, los datos desagregados por g\u00e9nero nos est\u00e1n\ndando una alerta que ha sido escuchada por el gobierno del Presidente Sebasti\u00e1n\nPi\u00f1era, para lo cual se ha creado este Subsidio Protege\u201d, explic\u00f3 la Seremi del\nTrabajo, Victoria Cort\u00e9s Schiattino.<\/em><em><\/em><\/p>\n\n\n\n<p><em>\u201cEste\nbeneficio pasa a formar una tercera l\u00ednea del Subsidio al Empleo. Junto a los\nsubsidios \u2018Regresa\u2019 y \u2018Contrata\u2019, se suma este, que consiste en una ayuda\necon\u00f3mica mensual de $200 mil que se entregar\u00e1 directamente a las madres\ntrabajadoras dependientes e independientes que tengan a su cargo el cuidado de\nni\u00f1os\/as menores de 2 a\u00f1os. El monto mensual se entrega por cada ni\u00f1o o ni\u00f1a\nque tenga a su cargo la beneficiaria, con lo cual se busca apoyar el retorno de\nestas al trabajo\u201d, a\u00f1adi\u00f3 la autoridad local.<\/em><em><\/em><\/p>\n\n\n\n<p><em>Actualmente,\nseg\u00fan el bolet\u00edn del OLM, al diferencial la inactividad <\/em>la inactividad por sexo, se observa\nque las mujeres presentan una mayor tasa de inactividad, alcanzando para el\ntrimestre Septiembre &#8211; Noviembre del 2020 un 52,6%. Esto implica un aumento\nanual de 10,4 puntos porcentuales, alcanzando un total de 37.932 mujeres en\nedad de trabajar que se clasifican como inactivas.<\/p>\n\n\n\n<p>De acuerdo al mismo informe, en general, se observa una tendencia\na la baja en cuanto a la cantidad total de hombres inactivos, si se compara con\nlos datos presentados desde el trimestre Marzo \u2013 Mayo de 2020.<\/p>\n\n\n\n<p>\u201cLo que se busca, justamente, es que\nesta tendencia a la baja tambi\u00e9n se replique en la tasa de inactividad femenina\ncon la ayuda del Subsidio Protege. El objetivo es reducir la desocupaci\u00f3n de\nlas mujeres y la inactividad de ellas, aumentando la fuerza laboral femenina en\nla regi\u00f3n. Creemos que la reactivaci\u00f3n econ\u00f3mica de la zona pasa, en gran\nparte, por la reincorporaci\u00f3n de las mujeres al mercado laboral, pero para ello\ntambi\u00e9n requerimos que las condiciones sanitarias vayan mejorando y eso se\nlograr\u00e1 con el apoyo de todos\/as\u201d, concluy\u00f3 la Seremi.<\/p>\n","protected":false},"excerpt":{"rendered":"<p>Una realidad que se ha hecho cada vez m\u00e1s visible es el aumento en la tasa de inactividad de mujeres trabajadoras de Magallanes, lo que refleja un d\u00e9ficit de fuerza&#8230; <a class=\"read-more\" href=\"https:\/\/www.radiopresidenteibanez.cl\/web\/subsidio-protege-busca-disminuir-brecha-de-genero-reflejada-por-termometro-laboral-de-magallanes\/\">Leer m\u00e1s<\/a><\/p>\n","protected":false},"author":2,"featured_media":11286,"comment_status":"closed","ping_status":"closed","sticky":false,"template":"","format":"standard","meta":{"footnotes":""},"categories":[1],"tags":[],"class_list":["post-17943","post","type-post","status-publish","format-standard","has-post-thumbnail","hentry","category-cronica"],"_links":{"self":[{"href":"https:\/\/www.radiopresidenteibanez.cl\/web\/wp-json\/wp\/v2\/posts\/17943","targetHints":{"allow":["GET"]}}],"collection":[{"href":"https:\/\/www.radiopresidenteibanez.cl\/web\/wp-json\/wp\/v2\/posts"}],"about":[{"href":"https:\/\/www.radiopresidenteibanez.cl\/web\/wp-json\/wp\/v2\/types\/post"}],"author":[{"embeddable":true,"href":"https:\/\/www.radiopresidenteibanez.cl\/web\/wp-json\/wp\/v2\/users\/2"}],"replies":[{"embeddable":true,"href":"https:\/\/www.radiopresidenteibanez.cl\/web\/wp-json\/wp\/v2\/comments?post=17943"}],"version-history":[{"count":0,"href":"https:\/\/www.radiopresidenteibanez.cl\/web\/wp-json\/wp\/v2\/posts\/17943\/revisions"}],"wp:featuredmedia":[{"embeddable":true,"href":"https:\/\/www.radiopresidenteibanez.cl\/web\/wp-json\/wp\/v2\/media\/11286"}],"wp:attachment":[{"href":"https:\/\/www.radiopresidenteibanez.cl\/web\/wp-json\/wp\/v2\/media?parent=17943"}],"wp:term":[{"taxonomy":"category","embeddable":true,"href":"https:\/\/www.radiopresidenteibanez.cl\/web\/wp-json\/wp\/v2\/categories?post=17943"},{"taxonomy":"post_tag","embeddable":true,"href":"https:\/\/www.radiopresidenteibanez.cl\/web\/wp-json\/wp\/v2\/tags?post=17943"}],"curies":[{"name":"wp","href":"https:\/\/api.w.org\/{rel}","templated":true}]}}