{"id":1792,"date":"2019-03-02T21:51:24","date_gmt":"2019-03-02T21:51:24","guid":{"rendered":"http:\/\/www.radiopresidenteibanez.cl\/web\/?p=1792"},"modified":"2019-03-03T19:22:15","modified_gmt":"2019-03-03T19:22:15","slug":"radio-presidente-ibanez-presenta-su-programacion-para-el-2019","status":"publish","type":"post","link":"https:\/\/www.radiopresidenteibanez.cl\/web\/radio-presidente-ibanez-presenta-su-programacion-para-el-2019\/","title":{"rendered":"RADIO PRESIDENTE IB\u00c1\u00d1EZ PRESENTA SU PROGRAMACI\u00d3N PARA EL 2019"},"content":{"rendered":"\n<p>Este pr\u00f3ximo lunes 4 de marzo, Radio\nPresidente Ib\u00e1\u00f1ez volver\u00e1 con su programaci\u00f3n normal, pero este 2019 con varias\nnovedades, es por esto que le queremos presentar nuestros programas.<\/p>\n\n\n\n<p>De lunes a viernes:<\/p>\n\n\n\n<ul class=\"wp-block-list\"><li>07:00 a 08:00 horas: \u201cTiempo de Noticias\u201d, con\nJuan Vukusic<\/li><li>08:00 a 09:00 horas: \u201cActualidad Noticiosa\u201d, con\nDaniel Miranda y Mar\u00eda Teresa S\u00e1nchez<\/li><li>10:00 a 12:00 horas: \u201cOpini\u00f3n P\u00fablica\u201d, con Daniel\nMiranda<\/li><li>13:00 a 14:00 horas: \u201cTiempo de Noticias\u201d, con\nJuan Vukusic<\/li><li>14:30 a 15:30 horas: \u201cNoticias y Recuerdos\u201d, con\nSergio Y\u00e1\u00f1ez<\/li><li>15:30 a 18:00 horas: \u201cQue Tarde, Esta Tarde\u201d,\ncon Cristofer Hern\u00e1ndez<\/li><li>18:00 a 19:00 horas: \u201cUn Buen Momento\u201d, con Esteban\n\u201cChepo\u201d Sepulveda<\/li><li>19:00 a 20:00 horas: \u201cEl \u00daltimo Tren a Casa\u201d,\ncon Pedro Guichapani <\/li><li>21:00 a 22:00 horas: \u201cLa Caverna\u201d, con Blas\nSaldivia<\/li><li>22:00 a 00:00 horas: \u201cRom\u00e1nticos\u201d, con Juan\nCarlos Sparza<\/li><\/ul>\n\n\n\n<ul class=\"wp-block-list\"><li>Lunes y martes de 09:00 a 10:00 horas: \u201cAqu\u00ed\nEstamos\u201d, con Jos\u00e9 Aguilante<\/li><li>Mi\u00e9rcoles 10:00 a 11:00 horas: \u201cAcci\u00f3n Sindical\u201d,\nprograma de ANEF Magallanes<\/li><li>Jueves de 09:00 a 10:00 horas: \u201cNi Un Paso Atr\u00e1s\u201d,\ncon Marta Mattus &nbsp;<\/li><li>Jueves de 19:00 a 20:00 horas: \u201cAqu\u00ed Somos el 40\u201d,\ncon Sol Dom\u00ednguez y Maximiliano Grez <\/li><\/ul>\n\n\n\n<p>S\u00e1bado<\/p>\n\n\n\n<ul class=\"wp-block-list\"><li>10:30 horas: \u201cLa Br\u00fajula\u201d, con Marcela Baratelli y Manuel Rodr\u00edguez<\/li><li>14:00 horas: \u201cPunto de Encuentro\u201d, con Roberto Bravo<\/li><\/ul>\n\n\n\n<p>Domingo<\/p>\n\n\n\n<ul class=\"wp-block-list\"><li>14:00 horas: \u201cDomingos con Historia\u201d, con Nicolas G\u00f3mez <\/li><li>13:00 a 14:00 horas: \u201cLa Cultura Est\u00e1 en el Aire\u201d con Juan Miranda <\/li><\/ul>\n\n\n\n<p>El \u00faltimo viernes de cada mes,\nanalizaremos el trabajo de Consejo Regional de Magallanes, con la conducci\u00f3n de\nCristofer Hern\u00e1ndez. Primer programa: 22 de marzo de 09:00 a 10:00<\/p>\n\n\n\n<p>Lo acompa\u00f1aremos durante todo su\nd\u00eda a trav\u00e9s de nuestros diales 88.5 Fm en Punta Arenas y Porvenir, 94.3 Fm en\nPuerto Natales, <a href=\"http:\/\/www.radiopresidenteibanez.cl\">www.radiopresidenteibanez.cl<\/a>,\ncanal 38 de TVRed digital, y nuestras transmisiones v\u00eda Facebook Live y as\u00ed\ntambi\u00e9n lo invitamos a seguirnos en Twitter, Instagram y Facebook. <\/p>\n\n\n\n<p style=\"text-align:center\"><em><strong>\u00a1GRACIAS POR SU FIEL COMPA\u00d1\u00cdA!<\/strong><\/em><\/p>\n","protected":false},"excerpt":{"rendered":"<p>Este pr\u00f3ximo lunes 4 de marzo, Radio Presidente Ib\u00e1\u00f1ez volver\u00e1 con su programaci\u00f3n normal, pero este 2019 con varias novedades, es por esto que le queremos presentar nuestros programas. De&#8230; <a class=\"read-more\" href=\"https:\/\/www.radiopresidenteibanez.cl\/web\/radio-presidente-ibanez-presenta-su-programacion-para-el-2019\/\">Leer m\u00e1s<\/a><\/p>\n","protected":false},"author":2,"featured_media":1795,"comment_status":"closed","ping_status":"closed","sticky":false,"template":"","format":"standard","meta":{"footnotes":""},"categories":[1],"tags":[],"class_list":["post-1792","post","type-post","status-publish","format-standard","has-post-thumbnail","hentry","category-cronica"],"_links":{"self":[{"href":"https:\/\/www.radiopresidenteibanez.cl\/web\/wp-json\/wp\/v2\/posts\/1792","targetHints":{"allow":["GET"]}}],"collection":[{"href":"https:\/\/www.radiopresidenteibanez.cl\/web\/wp-json\/wp\/v2\/posts"}],"about":[{"href":"https:\/\/www.radiopresidenteibanez.cl\/web\/wp-json\/wp\/v2\/types\/post"}],"author":[{"embeddable":true,"href":"https:\/\/www.radiopresidenteibanez.cl\/web\/wp-json\/wp\/v2\/users\/2"}],"replies":[{"embeddable":true,"href":"https:\/\/www.radiopresidenteibanez.cl\/web\/wp-json\/wp\/v2\/comments?post=1792"}],"version-history":[{"count":0,"href":"https:\/\/www.radiopresidenteibanez.cl\/web\/wp-json\/wp\/v2\/posts\/1792\/revisions"}],"wp:featuredmedia":[{"embeddable":true,"href":"https:\/\/www.radiopresidenteibanez.cl\/web\/wp-json\/wp\/v2\/media\/1795"}],"wp:attachment":[{"href":"https:\/\/www.radiopresidenteibanez.cl\/web\/wp-json\/wp\/v2\/media?parent=1792"}],"wp:term":[{"taxonomy":"category","embeddable":true,"href":"https:\/\/www.radiopresidenteibanez.cl\/web\/wp-json\/wp\/v2\/categories?post=1792"},{"taxonomy":"post_tag","embeddable":true,"href":"https:\/\/www.radiopresidenteibanez.cl\/web\/wp-json\/wp\/v2\/tags?post=1792"}],"curies":[{"name":"wp","href":"https:\/\/api.w.org\/{rel}","templated":true}]}}